{"id":10342,"date":"2016-08-28T23:07:26","date_gmt":"2016-08-28T21:07:26","guid":{"rendered":"http:\/\/www.berliner-seiten.de\/ganz-nah\/?p=10342"},"modified":"2016-08-28T23:07:26","modified_gmt":"2016-08-28T21:07:26","slug":"mehr-sommer-geht-nicht","status":"publish","type":"post","link":"http:\/\/www.berliner-seiten.de\/ganz-nah\/mehr-sommer-geht-nicht\/","title":{"rendered":"Mehr Sommer geht nicht"},"content":{"rendered":"<p><img loading=\"lazy\" decoding=\"async\" class=\"aligncenter size-full wp-image-10343\" src=\"http:\/\/www.berliner-seiten.de\/ganz-nah\/files\/2016\/08\/1-Karte1-4.jpg\" alt=\"1-Karte1\" width=\"900\" height=\"900\" srcset=\"http:\/\/www.berliner-seiten.de\/ganz-nah\/files\/2016\/08\/1-Karte1-4.jpg 900w, http:\/\/www.berliner-seiten.de\/ganz-nah\/files\/2016\/08\/1-Karte1-4-150x150.jpg 150w, http:\/\/www.berliner-seiten.de\/ganz-nah\/files\/2016\/08\/1-Karte1-4-300x300.jpg 300w, http:\/\/www.berliner-seiten.de\/ganz-nah\/files\/2016\/08\/1-Karte1-4-768x768.jpg 768w\" sizes=\"auto, (max-width: 900px) 100vw, 900px\" \/><\/p>\n<h4>Noch vor drei Wochen (am 6. August) gab die <em>BILD-<\/em>Zeitung auf Seite 1 diese Wetterprognose aus: <em>&#8222;Hochsommer f\u00e4llt in diesem Jahr aus!&#8220;<\/em> Sich auf einen Meteorologen berufend hie\u00df es: <em>&#8222;Hier und da wird es noch ein paar sch\u00f6ne Tage geben, aber es ist keine stabile Hochdruck-Wetterlage mit einer Hitzewelle in Sicht.&#8220;<\/em><\/h4>\n<h4>Das Gegenteil trat ein. Wir erlebten die l\u00e4ngste und hei\u00dfeste Hochsommerperiode dieses Jahres. Trockenheit und Wassermangel in vielen Gew\u00e4ssern geh\u00f6rten zu den Negativseiten dieser Hochsommerperiode &#8230;<\/h4>\n<p><img loading=\"lazy\" decoding=\"async\" class=\"aligncenter size-full wp-image-10344\" src=\"http:\/\/www.berliner-seiten.de\/ganz-nah\/files\/2016\/08\/2-Karte2-5.jpg\" alt=\"2-Karte2\" width=\"1000\" height=\"730\" srcset=\"http:\/\/www.berliner-seiten.de\/ganz-nah\/files\/2016\/08\/2-Karte2-5.jpg 1000w, http:\/\/www.berliner-seiten.de\/ganz-nah\/files\/2016\/08\/2-Karte2-5-300x219.jpg 300w, http:\/\/www.berliner-seiten.de\/ganz-nah\/files\/2016\/08\/2-Karte2-5-768x561.jpg 768w\" sizes=\"auto, (max-width: 1000px) 100vw, 1000px\" \/> <img loading=\"lazy\" decoding=\"async\" class=\"aligncenter size-full wp-image-10346\" src=\"http:\/\/www.berliner-seiten.de\/ganz-nah\/files\/2016\/08\/3-Karte3-2.jpg\" alt=\"3-Karte3\" width=\"1500\" height=\"530\" srcset=\"http:\/\/www.berliner-seiten.de\/ganz-nah\/files\/2016\/08\/3-Karte3-2.jpg 1500w, http:\/\/www.berliner-seiten.de\/ganz-nah\/files\/2016\/08\/3-Karte3-2-300x106.jpg 300w, http:\/\/www.berliner-seiten.de\/ganz-nah\/files\/2016\/08\/3-Karte3-2-768x271.jpg 768w\" sizes=\"auto, (max-width: 1500px) 100vw, 1500px\" \/><img loading=\"lazy\" decoding=\"async\" class=\"aligncenter size-full wp-image-10347\" src=\"http:\/\/www.berliner-seiten.de\/ganz-nah\/files\/2016\/08\/4-Karte4.jpg\" alt=\"4-Karte4\" width=\"1200\" height=\"440\" srcset=\"http:\/\/www.berliner-seiten.de\/ganz-nah\/files\/2016\/08\/4-Karte4.jpg 1200w, http:\/\/www.berliner-seiten.de\/ganz-nah\/files\/2016\/08\/4-Karte4-300x110.jpg 300w, http:\/\/www.berliner-seiten.de\/ganz-nah\/files\/2016\/08\/4-Karte4-768x282.jpg 768w\" sizes=\"auto, (max-width: 1200px) 100vw, 1200px\" \/><\/p>\n<h4>Auf der anderen Seite standen alles Sehenswerte, N\u00fctzliche und Angenehme, was so ein Hochsommer so zu bieten hat. Meine Kamera hat ein wenig davon eingefangen &#8230;<\/h4>\n<p><img loading=\"lazy\" decoding=\"async\" class=\"aligncenter size-full wp-image-10348\" src=\"http:\/\/www.berliner-seiten.de\/ganz-nah\/files\/2016\/08\/5-Karte5.jpg\" alt=\"5-Karte5\" width=\"1200\" height=\"440\" srcset=\"http:\/\/www.berliner-seiten.de\/ganz-nah\/files\/2016\/08\/5-Karte5.jpg 1200w, http:\/\/www.berliner-seiten.de\/ganz-nah\/files\/2016\/08\/5-Karte5-300x110.jpg 300w, http:\/\/www.berliner-seiten.de\/ganz-nah\/files\/2016\/08\/5-Karte5-768x282.jpg 768w\" sizes=\"auto, (max-width: 1200px) 100vw, 1200px\" \/><\/p>\n<p><img loading=\"lazy\" decoding=\"async\" class=\"size-full wp-image-10349\" src=\"http:\/\/www.berliner-seiten.de\/ganz-nah\/files\/2016\/08\/6-P8272841-adb.jpg\" alt=\"OLYMPUS DIGITAL CAMERA\" width=\"1000\" height=\"667\" srcset=\"http:\/\/www.berliner-seiten.de\/ganz-nah\/files\/2016\/08\/6-P8272841-adb.jpg 1000w, http:\/\/www.berliner-seiten.de\/ganz-nah\/files\/2016\/08\/6-P8272841-adb-300x200.jpg 300w, http:\/\/www.berliner-seiten.de\/ganz-nah\/files\/2016\/08\/6-P8272841-adb-768x512.jpg 768w\" sizes=\"auto, (max-width: 1000px) 100vw, 1000px\" \/><\/p>\n<p><img loading=\"lazy\" decoding=\"async\" class=\"aligncenter size-full wp-image-10350\" src=\"http:\/\/www.berliner-seiten.de\/ganz-nah\/files\/2016\/08\/7-P1350795-adb.jpg\" alt=\"7-P1350795-adb\" width=\"1000\" height=\"667\" srcset=\"http:\/\/www.berliner-seiten.de\/ganz-nah\/files\/2016\/08\/7-P1350795-adb.jpg 1000w, http:\/\/www.berliner-seiten.de\/ganz-nah\/files\/2016\/08\/7-P1350795-adb-300x200.jpg 300w, http:\/\/www.berliner-seiten.de\/ganz-nah\/files\/2016\/08\/7-P1350795-adb-768x512.jpg 768w\" sizes=\"auto, (max-width: 1000px) 100vw, 1000px\" \/><\/p>\n<p><img loading=\"lazy\" decoding=\"async\" class=\"size-full wp-image-10351\" src=\"http:\/\/www.berliner-seiten.de\/ganz-nah\/files\/2016\/08\/8-P8172409-adb.jpg\" alt=\"OLYMPUS DIGITAL CAMERA\" width=\"1000\" height=\"667\" srcset=\"http:\/\/www.berliner-seiten.de\/ganz-nah\/files\/2016\/08\/8-P8172409-adb.jpg 1000w, http:\/\/www.berliner-seiten.de\/ganz-nah\/files\/2016\/08\/8-P8172409-adb-300x200.jpg 300w, http:\/\/www.berliner-seiten.de\/ganz-nah\/files\/2016\/08\/8-P8172409-adb-768x512.jpg 768w\" sizes=\"auto, (max-width: 1000px) 100vw, 1000px\" \/><\/p>\n<p><img loading=\"lazy\" decoding=\"async\" class=\"aligncenter size-full wp-image-10352\" src=\"http:\/\/www.berliner-seiten.de\/ganz-nah\/files\/2016\/08\/9-Karte6-1.jpg\" alt=\"9-Karte6\" width=\"1200\" height=\"442\" srcset=\"http:\/\/www.berliner-seiten.de\/ganz-nah\/files\/2016\/08\/9-Karte6-1.jpg 1200w, http:\/\/www.berliner-seiten.de\/ganz-nah\/files\/2016\/08\/9-Karte6-1-300x111.jpg 300w, http:\/\/www.berliner-seiten.de\/ganz-nah\/files\/2016\/08\/9-Karte6-1-768x283.jpg 768w\" sizes=\"auto, (max-width: 1200px) 100vw, 1200px\" \/><\/p>\n<p><img loading=\"lazy\" decoding=\"async\" class=\"size-full wp-image-10353\" src=\"http:\/\/www.berliner-seiten.de\/ganz-nah\/files\/2016\/08\/10-P8272891-adb.jpg\" alt=\"OLYMPUS DIGITAL CAMERA\" width=\"1000\" height=\"667\" srcset=\"http:\/\/www.berliner-seiten.de\/ganz-nah\/files\/2016\/08\/10-P8272891-adb.jpg 1000w, http:\/\/www.berliner-seiten.de\/ganz-nah\/files\/2016\/08\/10-P8272891-adb-300x200.jpg 300w, http:\/\/www.berliner-seiten.de\/ganz-nah\/files\/2016\/08\/10-P8272891-adb-768x512.jpg 768w\" sizes=\"auto, (max-width: 1000px) 100vw, 1000px\" \/><\/p>\n<p><img loading=\"lazy\" decoding=\"async\" class=\"size-full wp-image-10354\" src=\"http:\/\/www.berliner-seiten.de\/ganz-nah\/files\/2016\/08\/11-P8272810-adb.jpg\" alt=\"OLYMPUS DIGITAL CAMERA\" width=\"1000\" height=\"667\" srcset=\"http:\/\/www.berliner-seiten.de\/ganz-nah\/files\/2016\/08\/11-P8272810-adb.jpg 1000w, http:\/\/www.berliner-seiten.de\/ganz-nah\/files\/2016\/08\/11-P8272810-adb-300x200.jpg 300w, http:\/\/www.berliner-seiten.de\/ganz-nah\/files\/2016\/08\/11-P8272810-adb-768x512.jpg 768w\" sizes=\"auto, (max-width: 1000px) 100vw, 1000px\" \/><\/p>\n<p><img loading=\"lazy\" decoding=\"async\" class=\"size-full wp-image-10355\" src=\"http:\/\/www.berliner-seiten.de\/ganz-nah\/files\/2016\/08\/12-P8282997-adb.jpg\" alt=\"OLYMPUS DIGITAL CAMERA\" width=\"1000\" height=\"667\" srcset=\"http:\/\/www.berliner-seiten.de\/ganz-nah\/files\/2016\/08\/12-P8282997-adb.jpg 1000w, http:\/\/www.berliner-seiten.de\/ganz-nah\/files\/2016\/08\/12-P8282997-adb-300x200.jpg 300w, http:\/\/www.berliner-seiten.de\/ganz-nah\/files\/2016\/08\/12-P8282997-adb-768x512.jpg 768w\" sizes=\"auto, (max-width: 1000px) 100vw, 1000px\" \/><\/p>\n<h4>Und wie \u00fcberstanden die Schw\u00e4ne am Fennpfuhlsee und Wei\u00dfen See den hei\u00dfen August? An beiden Seen haben die vorangegangenen Ereignisse ihre Spuren hinterlassen: Am Fennpfuhlsee wurde es zur traurigen Gewi\u00dfheit, dass der &#8222;Schwanenpapa&#8220; seinen schweren Verletzungen, die ihm ein Hund zugef\u00fcgt hatte, erlag. Und am Wei\u00dfen See haben die Altschw\u00e4ne ihr \u00fcbriggebliebenes Kind vom Vorjahr offensichtlich wieder lieb gewonnen &#8230;<\/h4>\n<p><img loading=\"lazy\" decoding=\"async\" class=\"aligncenter size-full wp-image-10356\" src=\"http:\/\/www.berliner-seiten.de\/ganz-nah\/files\/2016\/08\/13-Karte7-1.jpg\" alt=\"13-Karte7\" width=\"1000\" height=\"740\" srcset=\"http:\/\/www.berliner-seiten.de\/ganz-nah\/files\/2016\/08\/13-Karte7-1.jpg 1000w, http:\/\/www.berliner-seiten.de\/ganz-nah\/files\/2016\/08\/13-Karte7-1-300x222.jpg 300w, http:\/\/www.berliner-seiten.de\/ganz-nah\/files\/2016\/08\/13-Karte7-1-768x568.jpg 768w\" sizes=\"auto, (max-width: 1000px) 100vw, 1000px\" \/><img loading=\"lazy\" decoding=\"async\" class=\"aligncenter size-full wp-image-10357\" src=\"http:\/\/www.berliner-seiten.de\/ganz-nah\/files\/2016\/08\/14-Karte8.jpg\" alt=\"14-Karte8\" width=\"1000\" height=\"745\" srcset=\"http:\/\/www.berliner-seiten.de\/ganz-nah\/files\/2016\/08\/14-Karte8.jpg 1000w, http:\/\/www.berliner-seiten.de\/ganz-nah\/files\/2016\/08\/14-Karte8-300x224.jpg 300w, http:\/\/www.berliner-seiten.de\/ganz-nah\/files\/2016\/08\/14-Karte8-768x572.jpg 768w\" sizes=\"auto, (max-width: 1000px) 100vw, 1000px\" \/><img loading=\"lazy\" decoding=\"async\" class=\"aligncenter size-full wp-image-10358\" src=\"http:\/\/www.berliner-seiten.de\/ganz-nah\/files\/2016\/08\/15-Karte9.jpg\" alt=\"15-Karte9\" width=\"1000\" height=\"495\" srcset=\"http:\/\/www.berliner-seiten.de\/ganz-nah\/files\/2016\/08\/15-Karte9.jpg 1000w, http:\/\/www.berliner-seiten.de\/ganz-nah\/files\/2016\/08\/15-Karte9-300x149.jpg 300w, http:\/\/www.berliner-seiten.de\/ganz-nah\/files\/2016\/08\/15-Karte9-768x380.jpg 768w\" sizes=\"auto, (max-width: 1000px) 100vw, 1000px\" \/><\/p>\n","protected":false},"excerpt":{"rendered":"<p>Noch vor drei Wochen (am 6. August) gab die BILD-Zeitung auf Seite 1 diese Wetterprognose aus: &#8222;Hochsommer f\u00e4llt in diesem Jahr aus!&#8220; Sich auf einen Meteorologen berufend hie\u00df es: &#8222;Hier und da wird es noch ein paar sch\u00f6ne Tage geben, &hellip; <a href=\"http:\/\/www.berliner-seiten.de\/ganz-nah\/mehr-sommer-geht-nicht\/\">Weiterlesen <span class=\"meta-nav\">&rarr;<\/span><\/a><\/p>\n","protected":false},"author":6,"featured_media":0,"comment_status":"open","ping_status":"open","sticky":false,"template":"","format":"standard","meta":{"footnotes":""},"categories":[1],"tags":[],"class_list":["post-10342","post","type-post","status-publish","format-standard","hentry","category-allgemein"],"_links":{"self":[{"href":"http:\/\/www.berliner-seiten.de\/ganz-nah\/wp-json\/wp\/v2\/posts\/10342","targetHints":{"allow":["GET"]}}],"collection":[{"href":"http:\/\/www.berliner-seiten.de\/ganz-nah\/wp-json\/wp\/v2\/posts"}],"about":[{"href":"http:\/\/www.berliner-seiten.de\/ganz-nah\/wp-json\/wp\/v2\/types\/post"}],"author":[{"embeddable":true,"href":"http:\/\/www.berliner-seiten.de\/ganz-nah\/wp-json\/wp\/v2\/users\/6"}],"replies":[{"embeddable":true,"href":"http:\/\/www.berliner-seiten.de\/ganz-nah\/wp-json\/wp\/v2\/comments?post=10342"}],"version-history":[{"count":1,"href":"http:\/\/www.berliner-seiten.de\/ganz-nah\/wp-json\/wp\/v2\/posts\/10342\/revisions"}],"predecessor-version":[{"id":10359,"href":"http:\/\/www.berliner-seiten.de\/ganz-nah\/wp-json\/wp\/v2\/posts\/10342\/revisions\/10359"}],"wp:attachment":[{"href":"http:\/\/www.berliner-seiten.de\/ganz-nah\/wp-json\/wp\/v2\/media?parent=10342"}],"wp:term":[{"taxonomy":"category","embeddable":true,"href":"http:\/\/www.berliner-seiten.de\/ganz-nah\/wp-json\/wp\/v2\/categories?post=10342"},{"taxonomy":"post_tag","embeddable":true,"href":"http:\/\/www.berliner-seiten.de\/ganz-nah\/wp-json\/wp\/v2\/tags?post=10342"}],"curies":[{"name":"wp","href":"https:\/\/api.w.org\/{rel}","templated":true}]}}