{"id":11899,"date":"2018-04-20T23:52:28","date_gmt":"2018-04-20T21:52:28","guid":{"rendered":"http:\/\/www.berliner-seiten.de\/ganz-nah\/?p=11899"},"modified":"2018-04-26T17:19:22","modified_gmt":"2018-04-26T15:19:22","slug":"apfelbluete-der-vollfruehling-ist-da","status":"publish","type":"post","link":"http:\/\/www.berliner-seiten.de\/ganz-nah\/apfelbluete-der-vollfruehling-ist-da\/","title":{"rendered":"Apfelbl\u00fcte &#8211; der Vollfr\u00fchling ist da!"},"content":{"rendered":"<p><img loading=\"lazy\" decoding=\"async\" class=\"aligncenter size-full wp-image-11900\" src=\"http:\/\/www.berliner-seiten.de\/ganz-nah\/files\/2018\/04\/1-Karte1-1.jpg\" alt=\"\" width=\"1000\" height=\"742\" srcset=\"http:\/\/www.berliner-seiten.de\/ganz-nah\/files\/2018\/04\/1-Karte1-1.jpg 1000w, http:\/\/www.berliner-seiten.de\/ganz-nah\/files\/2018\/04\/1-Karte1-1-300x223.jpg 300w, http:\/\/www.berliner-seiten.de\/ganz-nah\/files\/2018\/04\/1-Karte1-1-768x570.jpg 768w\" sizes=\"auto, (max-width: 1000px) 100vw, 1000px\" \/><\/p>\n<h4>Das Wetter der vergangenen Tage l\u00e4\u00dft sich nicht einfach nur mit &#8222;Fr\u00fchling&#8220; beschreiben. Es gibt eine Wissenschaft, die liefert eine genauere Benennung des j\u00fcngsten jahreszeitlichen Geschehens: die <strong>Ph\u00e4nologie<\/strong>. Sie befa\u00dft sich mit den periodisch wiederkehrenden Entwicklungeserscheinungen in der Natur und teilt danach den Jahresablauf in 10 Jahreszeiten ein: Vorfr\u00fchling, Erstfr\u00fchling, Vollfr\u00fchling, Fr\u00fchsommer, Hochsommer, Sp\u00e4tsommer, Fr\u00fchherbst, Vollherbst, Sp\u00e4therbst und Winter. Jede dieser Phasen des &#8222;ph\u00e4nologischen Kalenders&#8220; hat ihre typischen Vegetationsmerkmale.<\/h4>\n<h4>So ist das Hauptkennzeichen des &#8222;Vollfr\u00fchlings&#8220; &#8211; neben der Fliederbl\u00fcte &#8211; die <strong>Apfelbl\u00fcte<\/strong>. Wie aber steht es damit momentan in unserer Region? Um das zu erfahren, machte ich mich gestern auf den Weg an den nord\u00f6stlichen Stadtrand, wo ich <a href=\"http:\/\/www.berliner-seiten.de\/ganz-nah\/knospensprung-im-falkenberger-nsg\/\">schon seit etlichen Jahren<\/a> die Obstbaumbl\u00fcte, besonders die Apfelbl\u00fcte, mit der Kamera beoachtet habe: das <strong>Naturschutzgebiet (NSG) Falkenberger Rieselfelder<\/strong>. Und das Ergebnis ist eindeutig: Die dortigen Apfelb\u00e4ume stehen in voller Bl\u00fcte &#8211; das hei\u00dft: der Vollfr\u00fchling hat auch im Berliner Raum Einzug gehalten! Auf der Suche nach der Apfelbl\u00fcte begegnete ich nat\u00fcrlich auch so manchen guten alten Bekannten &#8230;<\/h4>\n<p><img loading=\"lazy\" decoding=\"async\" class=\"aligncenter size-full wp-image-11901\" src=\"http:\/\/www.berliner-seiten.de\/ganz-nah\/files\/2018\/04\/2-Karte2-2.jpg\" alt=\"\" width=\"1200\" height=\"737\" srcset=\"http:\/\/www.berliner-seiten.de\/ganz-nah\/files\/2018\/04\/2-Karte2-2.jpg 1200w, http:\/\/www.berliner-seiten.de\/ganz-nah\/files\/2018\/04\/2-Karte2-2-300x184.jpg 300w, http:\/\/www.berliner-seiten.de\/ganz-nah\/files\/2018\/04\/2-Karte2-2-768x472.jpg 768w\" sizes=\"auto, (max-width: 1200px) 100vw, 1200px\" \/><img loading=\"lazy\" decoding=\"async\" class=\"aligncenter size-full wp-image-11902\" src=\"http:\/\/www.berliner-seiten.de\/ganz-nah\/files\/2018\/04\/3-Karte3-2.jpg\" alt=\"\" width=\"1000\" height=\"791\" srcset=\"http:\/\/www.berliner-seiten.de\/ganz-nah\/files\/2018\/04\/3-Karte3-2.jpg 1000w, http:\/\/www.berliner-seiten.de\/ganz-nah\/files\/2018\/04\/3-Karte3-2-300x237.jpg 300w, http:\/\/www.berliner-seiten.de\/ganz-nah\/files\/2018\/04\/3-Karte3-2-768x607.jpg 768w\" sizes=\"auto, (max-width: 1000px) 100vw, 1000px\" \/><img loading=\"lazy\" decoding=\"async\" class=\"aligncenter size-full wp-image-11903\" src=\"http:\/\/www.berliner-seiten.de\/ganz-nah\/files\/2018\/04\/4-DSC06956-adb.jpg\" alt=\"\" width=\"1000\" height=\"722\" srcset=\"http:\/\/www.berliner-seiten.de\/ganz-nah\/files\/2018\/04\/4-DSC06956-adb.jpg 1000w, http:\/\/www.berliner-seiten.de\/ganz-nah\/files\/2018\/04\/4-DSC06956-adb-300x217.jpg 300w, http:\/\/www.berliner-seiten.de\/ganz-nah\/files\/2018\/04\/4-DSC06956-adb-768x554.jpg 768w\" sizes=\"auto, (max-width: 1000px) 100vw, 1000px\" \/><img loading=\"lazy\" decoding=\"async\" class=\"aligncenter size-full wp-image-11904\" src=\"http:\/\/www.berliner-seiten.de\/ganz-nah\/files\/2018\/04\/5-DSC06921-adb.jpg\" alt=\"\" width=\"1000\" height=\"667\" srcset=\"http:\/\/www.berliner-seiten.de\/ganz-nah\/files\/2018\/04\/5-DSC06921-adb.jpg 1000w, http:\/\/www.berliner-seiten.de\/ganz-nah\/files\/2018\/04\/5-DSC06921-adb-300x200.jpg 300w, http:\/\/www.berliner-seiten.de\/ganz-nah\/files\/2018\/04\/5-DSC06921-adb-768x512.jpg 768w\" sizes=\"auto, (max-width: 1000px) 100vw, 1000px\" \/><img loading=\"lazy\" decoding=\"async\" class=\"aligncenter size-full wp-image-11905\" src=\"http:\/\/www.berliner-seiten.de\/ganz-nah\/files\/2018\/04\/6-DSC06975-adb.jpg\" alt=\"\" width=\"1000\" height=\"667\" srcset=\"http:\/\/www.berliner-seiten.de\/ganz-nah\/files\/2018\/04\/6-DSC06975-adb.jpg 1000w, http:\/\/www.berliner-seiten.de\/ganz-nah\/files\/2018\/04\/6-DSC06975-adb-300x200.jpg 300w, http:\/\/www.berliner-seiten.de\/ganz-nah\/files\/2018\/04\/6-DSC06975-adb-768x512.jpg 768w\" sizes=\"auto, (max-width: 1000px) 100vw, 1000px\" \/><img loading=\"lazy\" decoding=\"async\" class=\"aligncenter size-full wp-image-11906\" src=\"http:\/\/www.berliner-seiten.de\/ganz-nah\/files\/2018\/04\/7-DSC06922-adb.jpg\" alt=\"\" width=\"1000\" height=\"667\" srcset=\"http:\/\/www.berliner-seiten.de\/ganz-nah\/files\/2018\/04\/7-DSC06922-adb.jpg 1000w, http:\/\/www.berliner-seiten.de\/ganz-nah\/files\/2018\/04\/7-DSC06922-adb-300x200.jpg 300w, http:\/\/www.berliner-seiten.de\/ganz-nah\/files\/2018\/04\/7-DSC06922-adb-768x512.jpg 768w\" sizes=\"auto, (max-width: 1000px) 100vw, 1000px\" \/><img loading=\"lazy\" decoding=\"async\" class=\"aligncenter size-full wp-image-11907\" src=\"http:\/\/www.berliner-seiten.de\/ganz-nah\/files\/2018\/04\/8-DSC06923-adb.jpg\" alt=\"\" width=\"1000\" height=\"722\" srcset=\"http:\/\/www.berliner-seiten.de\/ganz-nah\/files\/2018\/04\/8-DSC06923-adb.jpg 1000w, http:\/\/www.berliner-seiten.de\/ganz-nah\/files\/2018\/04\/8-DSC06923-adb-300x217.jpg 300w, http:\/\/www.berliner-seiten.de\/ganz-nah\/files\/2018\/04\/8-DSC06923-adb-768x554.jpg 768w\" sizes=\"auto, (max-width: 1000px) 100vw, 1000px\" \/><\/p>\n<h4>Nat\u00fcrlich ist der Einzug des Vollfr\u00fchling auch im inneren Berliner Stadtgebiet zu beobachten. Im nahen <strong>Fennpfuhlpark<\/strong> und am <strong>Wei\u00dfen See<\/strong> zeigt er sich &#8211; neben bl\u00fchendem Flieder und\u00a0 bl\u00fchenden Ziergew\u00e4chsen &#8211; auch am Brutgeschehen bei den Wasserv\u00f6geln, vor allem bei den Schw\u00e4nen und Haubentauchern am Wei\u00dfen See. In ihren Nestern sind mit etwas Gl\u00fcck auch die Eigelege zu erkennen, bei Schw\u00e4nen heute Morgen sogar sechs gelegte Eier &#8230;<\/h4>\n<p><img loading=\"lazy\" decoding=\"async\" class=\"aligncenter size-full wp-image-11923\" src=\"http:\/\/www.berliner-seiten.de\/ganz-nah\/files\/2018\/04\/9-Karte4A.jpg\" alt=\"\" width=\"1000\" height=\"669\" srcset=\"http:\/\/www.berliner-seiten.de\/ganz-nah\/files\/2018\/04\/9-Karte4A.jpg 1000w, http:\/\/www.berliner-seiten.de\/ganz-nah\/files\/2018\/04\/9-Karte4A-300x201.jpg 300w, http:\/\/www.berliner-seiten.de\/ganz-nah\/files\/2018\/04\/9-Karte4A-768x514.jpg 768w\" sizes=\"auto, (max-width: 1000px) 100vw, 1000px\" \/><\/p>\n<p><img loading=\"lazy\" decoding=\"async\" class=\"aligncenter size-full wp-image-11909\" src=\"http:\/\/www.berliner-seiten.de\/ganz-nah\/files\/2018\/04\/10-Karte5.jpg\" alt=\"\" width=\"1400\" height=\"697\" srcset=\"http:\/\/www.berliner-seiten.de\/ganz-nah\/files\/2018\/04\/10-Karte5.jpg 1400w, http:\/\/www.berliner-seiten.de\/ganz-nah\/files\/2018\/04\/10-Karte5-300x149.jpg 300w, http:\/\/www.berliner-seiten.de\/ganz-nah\/files\/2018\/04\/10-Karte5-768x382.jpg 768w\" sizes=\"auto, (max-width: 1400px) 100vw, 1400px\" \/><img loading=\"lazy\" decoding=\"async\" class=\"aligncenter size-full wp-image-11910\" src=\"http:\/\/www.berliner-seiten.de\/ganz-nah\/files\/2018\/04\/11-Karte6.jpg\" alt=\"\" width=\"1200\" height=\"658\" srcset=\"http:\/\/www.berliner-seiten.de\/ganz-nah\/files\/2018\/04\/11-Karte6.jpg 1200w, http:\/\/www.berliner-seiten.de\/ganz-nah\/files\/2018\/04\/11-Karte6-300x165.jpg 300w, http:\/\/www.berliner-seiten.de\/ganz-nah\/files\/2018\/04\/11-Karte6-768x421.jpg 768w\" sizes=\"auto, (max-width: 1200px) 100vw, 1200px\" \/><img loading=\"lazy\" decoding=\"async\" class=\"aligncenter size-full wp-image-11911\" src=\"http:\/\/www.berliner-seiten.de\/ganz-nah\/files\/2018\/04\/12-Karte7.jpg\" alt=\"\" width=\"1000\" height=\"667\" srcset=\"http:\/\/www.berliner-seiten.de\/ganz-nah\/files\/2018\/04\/12-Karte7.jpg 1000w, http:\/\/www.berliner-seiten.de\/ganz-nah\/files\/2018\/04\/12-Karte7-300x200.jpg 300w, http:\/\/www.berliner-seiten.de\/ganz-nah\/files\/2018\/04\/12-Karte7-768x512.jpg 768w\" sizes=\"auto, (max-width: 1000px) 100vw, 1000px\" \/><img loading=\"lazy\" decoding=\"async\" class=\"aligncenter size-full wp-image-11912\" src=\"http:\/\/www.berliner-seiten.de\/ganz-nah\/files\/2018\/04\/13-Karte8.jpg\" alt=\"\" width=\"1000\" height=\"736\" srcset=\"http:\/\/www.berliner-seiten.de\/ganz-nah\/files\/2018\/04\/13-Karte8.jpg 1000w, http:\/\/www.berliner-seiten.de\/ganz-nah\/files\/2018\/04\/13-Karte8-300x221.jpg 300w, http:\/\/www.berliner-seiten.de\/ganz-nah\/files\/2018\/04\/13-Karte8-768x565.jpg 768w\" sizes=\"auto, (max-width: 1000px) 100vw, 1000px\" \/><\/p>\n<p><img loading=\"lazy\" decoding=\"async\" class=\"size-full wp-image-11918\" src=\"http:\/\/www.berliner-seiten.de\/ganz-nah\/files\/2018\/04\/14-Karte9-1.jpg\" alt=\"\" width=\"1000\" height=\"667\" srcset=\"http:\/\/www.berliner-seiten.de\/ganz-nah\/files\/2018\/04\/14-Karte9-1.jpg 1000w, http:\/\/www.berliner-seiten.de\/ganz-nah\/files\/2018\/04\/14-Karte9-1-300x200.jpg 300w, http:\/\/www.berliner-seiten.de\/ganz-nah\/files\/2018\/04\/14-Karte9-1-768x512.jpg 768w\" sizes=\"auto, (max-width: 1000px) 100vw, 1000px\" \/><\/p>\n<h3><strong>Erg\u00e4nzung zwei Tage sp\u00e4ter, 22. April 2018:<\/strong><\/h3>\n<h4>Das Schwanennest verzeichnet eine weitere Vergr\u00f6\u00dferung des Geleges: Bekommen wir vielleicht sogar Siebenlinge?<\/h4>\n<p><img loading=\"lazy\" decoding=\"async\" class=\"aligncenter size-full wp-image-11921\" src=\"http:\/\/www.berliner-seiten.de\/ganz-nah\/files\/2018\/04\/15-Karte-Z.jpg\" alt=\"\" width=\"1100\" height=\"733\" srcset=\"http:\/\/www.berliner-seiten.de\/ganz-nah\/files\/2018\/04\/15-Karte-Z.jpg 1100w, http:\/\/www.berliner-seiten.de\/ganz-nah\/files\/2018\/04\/15-Karte-Z-300x200.jpg 300w, http:\/\/www.berliner-seiten.de\/ganz-nah\/files\/2018\/04\/15-Karte-Z-768x512.jpg 768w\" sizes=\"auto, (max-width: 1100px) 100vw, 1100px\" \/><\/p>\n","protected":false},"excerpt":{"rendered":"<p>Das Wetter der vergangenen Tage l\u00e4\u00dft sich nicht einfach nur mit &#8222;Fr\u00fchling&#8220; beschreiben. Es gibt eine Wissenschaft, die liefert eine genauere Benennung des j\u00fcngsten jahreszeitlichen Geschehens: die Ph\u00e4nologie. Sie befa\u00dft sich mit den periodisch wiederkehrenden Entwicklungeserscheinungen in der Natur und &hellip; <a href=\"http:\/\/www.berliner-seiten.de\/ganz-nah\/apfelbluete-der-vollfruehling-ist-da\/\">Weiterlesen <span class=\"meta-nav\">&rarr;<\/span><\/a><\/p>\n","protected":false},"author":6,"featured_media":0,"comment_status":"open","ping_status":"open","sticky":false,"template":"","format":"standard","meta":{"footnotes":""},"categories":[1],"tags":[],"class_list":["post-11899","post","type-post","status-publish","format-standard","hentry","category-allgemein"],"_links":{"self":[{"href":"http:\/\/www.berliner-seiten.de\/ganz-nah\/wp-json\/wp\/v2\/posts\/11899","targetHints":{"allow":["GET"]}}],"collection":[{"href":"http:\/\/www.berliner-seiten.de\/ganz-nah\/wp-json\/wp\/v2\/posts"}],"about":[{"href":"http:\/\/www.berliner-seiten.de\/ganz-nah\/wp-json\/wp\/v2\/types\/post"}],"author":[{"embeddable":true,"href":"http:\/\/www.berliner-seiten.de\/ganz-nah\/wp-json\/wp\/v2\/users\/6"}],"replies":[{"embeddable":true,"href":"http:\/\/www.berliner-seiten.de\/ganz-nah\/wp-json\/wp\/v2\/comments?post=11899"}],"version-history":[{"count":9,"href":"http:\/\/www.berliner-seiten.de\/ganz-nah\/wp-json\/wp\/v2\/posts\/11899\/revisions"}],"predecessor-version":[{"id":11925,"href":"http:\/\/www.berliner-seiten.de\/ganz-nah\/wp-json\/wp\/v2\/posts\/11899\/revisions\/11925"}],"wp:attachment":[{"href":"http:\/\/www.berliner-seiten.de\/ganz-nah\/wp-json\/wp\/v2\/media?parent=11899"}],"wp:term":[{"taxonomy":"category","embeddable":true,"href":"http:\/\/www.berliner-seiten.de\/ganz-nah\/wp-json\/wp\/v2\/categories?post=11899"},{"taxonomy":"post_tag","embeddable":true,"href":"http:\/\/www.berliner-seiten.de\/ganz-nah\/wp-json\/wp\/v2\/tags?post=11899"}],"curies":[{"name":"wp","href":"https:\/\/api.w.org\/{rel}","templated":true}]}}