{"id":1933,"date":"2011-09-10T21:17:44","date_gmt":"2011-09-10T19:17:44","guid":{"rendered":"http:\/\/www.berliner-seiten.de\/ganz-nah\/?p=1933"},"modified":"2011-09-21T16:49:14","modified_gmt":"2011-09-21T14:49:14","slug":"nun-las-den-sommer-gehen","status":"publish","type":"post","link":"http:\/\/www.berliner-seiten.de\/ganz-nah\/nun-las-den-sommer-gehen\/","title":{"rendered":"&#8222;Nun la\u00df den Sommer gehen&#8220;"},"content":{"rendered":"<h3>Jetzt ist es klar: Die <a href=\"http:\/\/www.berliner-seiten.de\/ganz-nah\/2011\/07\/30\/schoner-siebenschlafer-in-noten\/\">Siebenschl\u00e4fer-Wetterregel<\/a> hat wieder einmal nicht hingehauen, wir hatten einen tr\u00fcben verregneten Sommer. Allein im Juli strahlte die Sonne 22 Prozent weniger als im langj\u00e4hrigen Mittel, womit der Juli zu den acht tr\u00fcbsten Julimonaten seit Beginn der Messungen im Jahr 1951 z\u00e4hlte. An 12 Tagen war es nicht einmal 20 Grad warm, nur an acht Tagen wurde die 25-Grad-Marke erreicht. Noch vor einer Woche kam leise Hoffnung wenigstens auf einen passablen Altweibersommer auf, aber auch daraus scheint nichts zu werden. Also tr\u00f6sten wir uns mit Joseph von Eichendorff:<\/h3>\n<h3 style=\"text-align: center\"><em>&#8222;Nun la\u00df den Sommer gehen, \/ La\u00df Sturm und Winde wehen&#8230;&#8220;<\/em><\/h3>\n<h3>Der Herbst steht also vor der T\u00fcr. Wo ich auch heute bei meinem kleinen Radausflug auf dem Barnimer D\u00f6rferweg hinschaute &#8211; Herbstnahen \u00fcberall. Der Regen der letzten Tage hatte seine silbergl\u00e4nzenden Perlen ausgiebig verstreut&#8230;<\/h3>\n<h3><a href=\"http:\/\/www.berliner-seiten.de\/ganz-nah\/files\/2011\/09\/2-DSCF6468a-adb.jpg\"><img loading=\"lazy\" decoding=\"async\" class=\"aligncenter size-large wp-image-1946\" src=\"http:\/\/www.berliner-seiten.de\/ganz-nah\/files\/2011\/09\/1-DSCF6481a-1024x683.jpg\" alt=\"\" width=\"640\" height=\"426\" srcset=\"http:\/\/www.berliner-seiten.de\/ganz-nah\/files\/2011\/09\/1-DSCF6481a-1024x683.jpg 1024w, http:\/\/www.berliner-seiten.de\/ganz-nah\/files\/2011\/09\/1-DSCF6481a-300x200.jpg 300w, http:\/\/www.berliner-seiten.de\/ganz-nah\/files\/2011\/09\/1-DSCF6481a.jpg 1749w\" sizes=\"auto, (max-width: 640px) 100vw, 640px\" \/><img loading=\"lazy\" decoding=\"async\" class=\"aligncenter size-large wp-image-1935\" src=\"http:\/\/www.berliner-seiten.de\/ganz-nah\/files\/2011\/09\/2-DSCF6468a-adb-1024x682.jpg\" alt=\"\" width=\"640\" height=\"426\" srcset=\"http:\/\/www.berliner-seiten.de\/ganz-nah\/files\/2011\/09\/2-DSCF6468a-adb-1024x682.jpg 1024w, http:\/\/www.berliner-seiten.de\/ganz-nah\/files\/2011\/09\/2-DSCF6468a-adb-300x200.jpg 300w, http:\/\/www.berliner-seiten.de\/ganz-nah\/files\/2011\/09\/2-DSCF6468a-adb.jpg 1416w\" sizes=\"auto, (max-width: 640px) 100vw, 640px\" \/><\/a><a href=\"http:\/\/www.berliner-seiten.de\/ganz-nah\/files\/2011\/09\/3-DSCF6431a-adb.jpg\"><img loading=\"lazy\" decoding=\"async\" class=\"aligncenter size-large wp-image-1952\" src=\"http:\/\/www.berliner-seiten.de\/ganz-nah\/files\/2011\/09\/3-DSCF6431a-adb-1024x682.jpg\" alt=\"\" width=\"640\" height=\"426\" srcset=\"http:\/\/www.berliner-seiten.de\/ganz-nah\/files\/2011\/09\/3-DSCF6431a-adb-1024x682.jpg 1024w, http:\/\/www.berliner-seiten.de\/ganz-nah\/files\/2011\/09\/3-DSCF6431a-adb-300x200.jpg 300w, http:\/\/www.berliner-seiten.de\/ganz-nah\/files\/2011\/09\/3-DSCF6431a-adb.jpg 1693w\" sizes=\"auto, (max-width: 640px) 100vw, 640px\" \/><\/a>An meine <a href=\"http:\/\/www.berliner-seiten.de\/ganz-nah\/2011\/07\/20\/eine-verkannte-schonheit\/\">Filzkletten-Sch\u00f6nheiten<\/a> des Sommers erinnerten nur noch vertrocknete Bl\u00fcten; ich konnte nur noch eine einzige Filzkletten-Bl\u00fcte ausmachen, die f\u00fcr meine Kamera &#8222;posierte&#8220;&#8230;<\/h3>\n<h3><a href=\"http:\/\/www.berliner-seiten.de\/ganz-nah\/files\/2011\/09\/3-DSCF6437a-adb.jpg\"><img loading=\"lazy\" decoding=\"async\" class=\"aligncenter size-large wp-image-1936\" src=\"http:\/\/www.berliner-seiten.de\/ganz-nah\/files\/2011\/09\/3-DSCF6437a-adb-1024x682.jpg\" alt=\"\" width=\"640\" height=\"426\" srcset=\"http:\/\/www.berliner-seiten.de\/ganz-nah\/files\/2011\/09\/3-DSCF6437a-adb-1024x682.jpg 1024w, http:\/\/www.berliner-seiten.de\/ganz-nah\/files\/2011\/09\/3-DSCF6437a-adb-300x199.jpg 300w, http:\/\/www.berliner-seiten.de\/ganz-nah\/files\/2011\/09\/3-DSCF6437a-adb.jpg 1391w\" sizes=\"auto, (max-width: 640px) 100vw, 640px\" \/><\/a><a href=\"http:\/\/www.berliner-seiten.de\/ganz-nah\/files\/2011\/09\/4-DSCF6464a-adb.jpg\"><img loading=\"lazy\" decoding=\"async\" class=\"aligncenter size-large wp-image-1937\" src=\"http:\/\/www.berliner-seiten.de\/ganz-nah\/files\/2011\/09\/4-DSCF6464a-adb-1024x682.jpg\" alt=\"\" width=\"640\" height=\"426\" srcset=\"http:\/\/www.berliner-seiten.de\/ganz-nah\/files\/2011\/09\/4-DSCF6464a-adb-1024x682.jpg 1024w, http:\/\/www.berliner-seiten.de\/ganz-nah\/files\/2011\/09\/4-DSCF6464a-adb-300x200.jpg 300w, http:\/\/www.berliner-seiten.de\/ganz-nah\/files\/2011\/09\/4-DSCF6464a-adb.jpg 1692w\" sizes=\"auto, (max-width: 640px) 100vw, 640px\" \/><\/a>Blumen gr\u00fc\u00dften nur noch vereinzelt vom Wegesrand &#8211; aber daf\u00fcr immer mehr \u00c4pfel in leuchtenden Farben von den B\u00e4umen &#8230;<\/h3>\n<p><a href=\"http:\/\/www.berliner-seiten.de\/ganz-nah\/files\/2011\/09\/5-DSCF6489a-adb.jpg\"><img loading=\"lazy\" decoding=\"async\" class=\"aligncenter size-large wp-image-1938\" src=\"http:\/\/www.berliner-seiten.de\/ganz-nah\/files\/2011\/09\/5-DSCF6489a-adb-1024x682.jpg\" alt=\"\" width=\"640\" height=\"426\" srcset=\"http:\/\/www.berliner-seiten.de\/ganz-nah\/files\/2011\/09\/5-DSCF6489a-adb-1024x682.jpg 1024w, http:\/\/www.berliner-seiten.de\/ganz-nah\/files\/2011\/09\/5-DSCF6489a-adb-300x200.jpg 300w, http:\/\/www.berliner-seiten.de\/ganz-nah\/files\/2011\/09\/5-DSCF6489a-adb.jpg 1692w\" sizes=\"auto, (max-width: 640px) 100vw, 640px\" \/><\/a><a href=\"http:\/\/www.berliner-seiten.de\/ganz-nah\/files\/2011\/09\/8-DSCF6496a-adb.jpg\"><img loading=\"lazy\" decoding=\"async\" class=\"aligncenter size-medium wp-image-1953\" src=\"http:\/\/www.berliner-seiten.de\/ganz-nah\/files\/2011\/09\/8-DSCF6496a-adb-200x300.jpg\" alt=\"\" width=\"200\" height=\"300\" srcset=\"http:\/\/www.berliner-seiten.de\/ganz-nah\/files\/2011\/09\/8-DSCF6496a-adb-200x300.jpg 200w, http:\/\/www.berliner-seiten.de\/ganz-nah\/files\/2011\/09\/8-DSCF6496a-adb-682x1024.jpg 682w, http:\/\/www.berliner-seiten.de\/ganz-nah\/files\/2011\/09\/8-DSCF6496a-adb.jpg 1056w\" sizes=\"auto, (max-width: 200px) 100vw, 200px\" \/><\/a><a href=\"http:\/\/www.berliner-seiten.de\/ganz-nah\/files\/2011\/09\/6-DSCF6491a-adb.jpg\"><img loading=\"lazy\" decoding=\"async\" class=\"aligncenter size-large wp-image-1939\" src=\"http:\/\/www.berliner-seiten.de\/ganz-nah\/files\/2011\/09\/6-DSCF6491a-adb-1024x682.jpg\" alt=\"\" width=\"640\" height=\"426\" srcset=\"http:\/\/www.berliner-seiten.de\/ganz-nah\/files\/2011\/09\/6-DSCF6491a-adb-1024x682.jpg 1024w, http:\/\/www.berliner-seiten.de\/ganz-nah\/files\/2011\/09\/6-DSCF6491a-adb-300x200.jpg 300w, http:\/\/www.berliner-seiten.de\/ganz-nah\/files\/2011\/09\/6-DSCF6491a-adb.jpg 1692w\" sizes=\"auto, (max-width: 640px) 100vw, 640px\" \/><\/a><\/p>\n","protected":false},"excerpt":{"rendered":"<p>Jetzt ist es klar: Die Siebenschl\u00e4fer-Wetterregel hat wieder einmal nicht hingehauen, wir hatten einen tr\u00fcben verregneten Sommer. Allein im Juli strahlte die Sonne 22 Prozent weniger als im langj\u00e4hrigen Mittel, womit der Juli zu den acht tr\u00fcbsten Julimonaten seit Beginn &hellip; <a href=\"http:\/\/www.berliner-seiten.de\/ganz-nah\/nun-las-den-sommer-gehen\/\">Weiterlesen <span class=\"meta-nav\">&rarr;<\/span><\/a><\/p>\n","protected":false},"author":6,"featured_media":0,"comment_status":"open","ping_status":"open","sticky":false,"template":"","format":"standard","meta":{"footnotes":""},"categories":[1],"tags":[],"class_list":["post-1933","post","type-post","status-publish","format-standard","hentry","category-allgemein"],"_links":{"self":[{"href":"http:\/\/www.berliner-seiten.de\/ganz-nah\/wp-json\/wp\/v2\/posts\/1933","targetHints":{"allow":["GET"]}}],"collection":[{"href":"http:\/\/www.berliner-seiten.de\/ganz-nah\/wp-json\/wp\/v2\/posts"}],"about":[{"href":"http:\/\/www.berliner-seiten.de\/ganz-nah\/wp-json\/wp\/v2\/types\/post"}],"author":[{"embeddable":true,"href":"http:\/\/www.berliner-seiten.de\/ganz-nah\/wp-json\/wp\/v2\/users\/6"}],"replies":[{"embeddable":true,"href":"http:\/\/www.berliner-seiten.de\/ganz-nah\/wp-json\/wp\/v2\/comments?post=1933"}],"version-history":[{"count":12,"href":"http:\/\/www.berliner-seiten.de\/ganz-nah\/wp-json\/wp\/v2\/posts\/1933\/revisions"}],"predecessor-version":[{"id":1941,"href":"http:\/\/www.berliner-seiten.de\/ganz-nah\/wp-json\/wp\/v2\/posts\/1933\/revisions\/1941"}],"wp:attachment":[{"href":"http:\/\/www.berliner-seiten.de\/ganz-nah\/wp-json\/wp\/v2\/media?parent=1933"}],"wp:term":[{"taxonomy":"category","embeddable":true,"href":"http:\/\/www.berliner-seiten.de\/ganz-nah\/wp-json\/wp\/v2\/categories?post=1933"},{"taxonomy":"post_tag","embeddable":true,"href":"http:\/\/www.berliner-seiten.de\/ganz-nah\/wp-json\/wp\/v2\/tags?post=1933"}],"curies":[{"name":"wp","href":"https:\/\/api.w.org\/{rel}","templated":true}]}}