{"id":2633,"date":"2011-12-22T22:05:02","date_gmt":"2011-12-22T21:05:02","guid":{"rendered":"http:\/\/www.berliner-seiten.de\/ganz-nah\/?p=2633"},"modified":"2011-12-24T00:04:32","modified_gmt":"2011-12-23T23:04:32","slug":"winteranfang-nur-wo-bleibt-der-winter","status":"publish","type":"post","link":"http:\/\/www.berliner-seiten.de\/ganz-nah\/winteranfang-nur-wo-bleibt-der-winter\/","title":{"rendered":"Winteranfang &#8211; nur wo bleibt der Winter?"},"content":{"rendered":"<h3>Das war also heute laut Kalender der Winteranfang. Aber vom wirklichen Winter war weit und breit noch nichts zu sehen! Grau und Gr\u00fcn ringsumher. Vor rund 800 Jahren erschauderte der gro\u00dfe Minnes\u00e4nger Walther von der Vogelweide allein beim Gedanken an der Winter:<\/h3>\n<h3 style=\"text-align: center\"><em>K\u00f6nnte ich den Winter nur verschlafen!<\/em><\/h3>\n<h3 style=\"text-align: center\"><em>Solange ich wach bleibe, grolle ich ihm,<\/em><\/h3>\n<h3 style=\"text-align: center\"><em>dass seine Macht so gro\u00df und so weit ist.<\/em><\/h3>\n<h3 style=\"text-align: center\"><em>Wahrlich, einmal muss auch er dem Maien weichen.<\/em><\/h3>\n<h3 style=\"text-align: center\"><em>Dann pfl\u00fccke ich dort Blumen, wo jetzt Reif liegt.<\/em><\/h3>\n<h3 style=\"text-align: left\">W\u00e4re der gute Minnes\u00e4nger heute mit mir auf Radtour gegangen, h\u00e4tte sich sein Groll auf den Winter ganz sicher in Grenzen gehalten. Ich h\u00e4tte ihn auf eine meiner Lieblingstouren entlang eines St\u00fccks des Barnimer D\u00f6rferwegs im Raum des Naturschutzgebietes &#8222;Falkenberger Rieselfelder&#8220; mitgenommen, und er h\u00e4tte dabei ganz nebenbei miterlebt, wie ich meinen 1800sten Jahreskilometer auf dem Fahrrad absolviere. Vor allem aber h\u00e4tte er eine sch\u00f6ne herbe m\u00e4rkische Landschaft im grau-gr\u00fcnen &#8222;Look&#8220; des Sp\u00e4therbstes erlebt und sein <em>&#8222;K\u00f6nnte ich den Winter nur verschlafen!<\/em>&#8220; h\u00f6chstwahrscheinlich an diesem heutigen &#8222;Winteranfang&#8220;\u00a0 n o c h\u00a0 nicht ausgerufen&#8230;<\/h3>\n<h3 style=\"text-align: left\"><a href=\"http:\/\/www.berliner-seiten.de\/ganz-nah\/files\/2011\/12\/1-DSCF1482-adb.jpg\"><img loading=\"lazy\" decoding=\"async\" class=\"aligncenter size-large wp-image-2634\" src=\"http:\/\/www.berliner-seiten.de\/ganz-nah\/files\/2011\/12\/1-DSCF1482-adb-1024x682.jpg\" alt=\"\" width=\"640\" height=\"426\" srcset=\"http:\/\/www.berliner-seiten.de\/ganz-nah\/files\/2011\/12\/1-DSCF1482-adb-1024x682.jpg 1024w, http:\/\/www.berliner-seiten.de\/ganz-nah\/files\/2011\/12\/1-DSCF1482-adb-300x200.jpg 300w\" sizes=\"auto, (max-width: 640px) 100vw, 640px\" \/><\/a>Was aber h\u00e4tte mein Reisebegleiter heute noch so alles erlebt? Da w\u00e4ren zun\u00e4chst die vielen Relikte des Sommers und Herbstes, die \u00fcberall noch zu sehen sind: teilweise unvollst\u00e4ndig abgeerntete Getreidefelder mit viel verstreutem Futter f\u00fcr hungrige Tiere; vereinzelte \u00c4fpel am Wegesrand, die keiner aufgelesen hat; die Pusteblume, die die Herbstst\u00fcrme \u00fcberstanden hat; das Kleeblatt im gl\u00e4nzenden Schmuck der Regentropfen; die knallrot leuchtende Hagebutte, die gerade den letzten Regen abgetropft hat &#8230;<\/h3>\n<p><a href=\"http:\/\/www.berliner-seiten.de\/ganz-nah\/files\/2011\/12\/2-DSCF1465-adb.jpg\"><img loading=\"lazy\" decoding=\"async\" class=\"size-medium wp-image-2635 alignright\" src=\"http:\/\/www.berliner-seiten.de\/ganz-nah\/files\/2011\/12\/2-DSCF1465-adb-300x200.jpg\" alt=\"\" width=\"300\" height=\"200\" srcset=\"http:\/\/www.berliner-seiten.de\/ganz-nah\/files\/2011\/12\/2-DSCF1465-adb-300x200.jpg 300w, http:\/\/www.berliner-seiten.de\/ganz-nah\/files\/2011\/12\/2-DSCF1465-adb-1024x682.jpg 1024w, http:\/\/www.berliner-seiten.de\/ganz-nah\/files\/2011\/12\/2-DSCF1465-adb.jpg 1800w\" sizes=\"auto, (max-width: 300px) 100vw, 300px\" \/><\/a><a href=\"http:\/\/www.berliner-seiten.de\/ganz-nah\/files\/2011\/12\/3-DSCF1472-adb.jpg\"><img loading=\"lazy\" decoding=\"async\" class=\"wp-image-2636\" src=\"http:\/\/www.berliner-seiten.de\/ganz-nah\/files\/2011\/12\/3-DSCF1472-adb-300x200.jpg\" alt=\"\" width=\"300\" height=\"200\" srcset=\"http:\/\/www.berliner-seiten.de\/ganz-nah\/files\/2011\/12\/3-DSCF1472-adb-300x200.jpg 300w, http:\/\/www.berliner-seiten.de\/ganz-nah\/files\/2011\/12\/3-DSCF1472-adb-1024x682.jpg 1024w, http:\/\/www.berliner-seiten.de\/ganz-nah\/files\/2011\/12\/3-DSCF1472-adb.jpg 1800w\" sizes=\"auto, (max-width: 300px) 100vw, 300px\" \/><\/a><\/p>\n<h3>\u00a0 <a href=\"http:\/\/www.berliner-seiten.de\/ganz-nah\/files\/2011\/12\/4-DSCF1467-adb.jpg\"><img loading=\"lazy\" decoding=\"async\" class=\"size-medium wp-image-2637 aligncenter\" src=\"http:\/\/www.berliner-seiten.de\/ganz-nah\/files\/2011\/12\/4-DSCF1467-adb-300x200.jpg\" alt=\"\" width=\"300\" height=\"200\" srcset=\"http:\/\/www.berliner-seiten.de\/ganz-nah\/files\/2011\/12\/4-DSCF1467-adb-300x200.jpg 300w, http:\/\/www.berliner-seiten.de\/ganz-nah\/files\/2011\/12\/4-DSCF1467-adb-1024x682.jpg 1024w, http:\/\/www.berliner-seiten.de\/ganz-nah\/files\/2011\/12\/4-DSCF1467-adb.jpg 1800w\" sizes=\"auto, (max-width: 300px) 100vw, 300px\" \/><\/a><a href=\"http:\/\/www.berliner-seiten.de\/ganz-nah\/files\/2011\/12\/6-DSCF1491-adb.jpg\"><img loading=\"lazy\" decoding=\"async\" class=\"wp-image-2638 aligncenter\" src=\"http:\/\/www.berliner-seiten.de\/ganz-nah\/files\/2011\/12\/6-DSCF1491-adb-300x300.jpg\" alt=\"\" width=\"300\" height=\"300\" srcset=\"http:\/\/www.berliner-seiten.de\/ganz-nah\/files\/2011\/12\/6-DSCF1491-adb-300x300.jpg 300w, http:\/\/www.berliner-seiten.de\/ganz-nah\/files\/2011\/12\/6-DSCF1491-adb-150x150.jpg 150w, http:\/\/www.berliner-seiten.de\/ganz-nah\/files\/2011\/12\/6-DSCF1491-adb-1024x1024.jpg 1024w, http:\/\/www.berliner-seiten.de\/ganz-nah\/files\/2011\/12\/6-DSCF1491-adb.jpg 1862w\" sizes=\"auto, (max-width: 300px) 100vw, 300px\" \/><\/a><a href=\"http:\/\/www.berliner-seiten.de\/ganz-nah\/files\/2011\/12\/5-DSCF1494-adb.jpg\"><img loading=\"lazy\" decoding=\"async\" class=\"aligncenter size-medium wp-image-2639\" src=\"http:\/\/www.berliner-seiten.de\/ganz-nah\/files\/2011\/12\/5-DSCF1494-adb-300x300.jpg\" alt=\"\" width=\"300\" height=\"300\" srcset=\"http:\/\/www.berliner-seiten.de\/ganz-nah\/files\/2011\/12\/5-DSCF1494-adb-300x300.jpg 300w, http:\/\/www.berliner-seiten.de\/ganz-nah\/files\/2011\/12\/5-DSCF1494-adb-150x150.jpg 150w, http:\/\/www.berliner-seiten.de\/ganz-nah\/files\/2011\/12\/5-DSCF1494-adb-1024x1024.jpg 1024w, http:\/\/www.berliner-seiten.de\/ganz-nah\/files\/2011\/12\/5-DSCF1494-adb.jpg 2019w\" sizes=\"auto, (max-width: 300px) 100vw, 300px\" \/><\/a><a href=\"http:\/\/www.berliner-seiten.de\/ganz-nah\/files\/2011\/12\/7-DSCF1646a.jpg\"><img loading=\"lazy\" decoding=\"async\" class=\"aligncenter size-medium wp-image-2640\" src=\"http:\/\/www.berliner-seiten.de\/ganz-nah\/files\/2011\/12\/7-DSCF1646a-300x300.jpg\" alt=\"\" width=\"300\" height=\"300\" srcset=\"http:\/\/www.berliner-seiten.de\/ganz-nah\/files\/2011\/12\/7-DSCF1646a-300x300.jpg 300w, http:\/\/www.berliner-seiten.de\/ganz-nah\/files\/2011\/12\/7-DSCF1646a-150x150.jpg 150w, http:\/\/www.berliner-seiten.de\/ganz-nah\/files\/2011\/12\/7-DSCF1646a-1024x1024.jpg 1024w, http:\/\/www.berliner-seiten.de\/ganz-nah\/files\/2011\/12\/7-DSCF1646a.jpg 1800w\" sizes=\"auto, (max-width: 300px) 100vw, 300px\" \/><\/a>Und dann h\u00e4tte mein mittelalterlicher Reisebegleiter nicht schlecht gestaunt, was er da am &#8222;Winteranfang&#8220; auf den Weiden des Naturschutzgebietes erblickt: sog. <a href=\"http:\/\/www.berliner-seiten.de\/ganz-nah\/2011\/12\/06\/berliner-norden-unter-grauem-dezemberhimmel\/\">Heckrinder<\/a>, die dem Auerochsen oder Ur \u00e4hnlich sind und die es schon zu Lebzeiten Walther von der Vogelweides (um 1170-1230) kaum noch oder nur selten gegeben hat (das letzte Exemplar soll dann 1627 in der N\u00e4he von Warschau erlegt worden sein). Auch die kleine Herde der sog. Liebenthaler Wildlinge h\u00e4tten ihn erstaunt, die den &#8222;Winteranfang&#8220; wie einst ihre Vorg\u00e4nger-Urpferde im Freien begr\u00fc\u00dft&#8230;<\/h3>\n<h3 style=\"text-align: left\"><a href=\"http:\/\/www.berliner-seiten.de\/ganz-nah\/files\/2011\/12\/8-DSCF1501-adb.jpg\"><img loading=\"lazy\" decoding=\"async\" class=\"aligncenter size-large wp-image-2641\" src=\"http:\/\/www.berliner-seiten.de\/ganz-nah\/files\/2011\/12\/8-DSCF1501-adb-1024x288.jpg\" alt=\"\" width=\"640\" height=\"180\" srcset=\"http:\/\/www.berliner-seiten.de\/ganz-nah\/files\/2011\/12\/8-DSCF1501-adb-1024x288.jpg 1024w, http:\/\/www.berliner-seiten.de\/ganz-nah\/files\/2011\/12\/8-DSCF1501-adb-300x84.jpg 300w\" sizes=\"auto, (max-width: 640px) 100vw, 640px\" \/><\/a><a href=\"http:\/\/www.berliner-seiten.de\/ganz-nah\/files\/2011\/12\/9-DSCF1519-adb.jpg\"><img loading=\"lazy\" decoding=\"async\" class=\"aligncenter size-large wp-image-2642\" src=\"http:\/\/www.berliner-seiten.de\/ganz-nah\/files\/2011\/12\/9-DSCF1519-adb-1024x682.jpg\" alt=\"\" width=\"640\" height=\"426\" srcset=\"http:\/\/www.berliner-seiten.de\/ganz-nah\/files\/2011\/12\/9-DSCF1519-adb-1024x682.jpg 1024w, http:\/\/www.berliner-seiten.de\/ganz-nah\/files\/2011\/12\/9-DSCF1519-adb-300x199.jpg 300w\" sizes=\"auto, (max-width: 640px) 100vw, 640px\" \/><\/a><a href=\"http:\/\/www.berliner-seiten.de\/ganz-nah\/files\/2011\/12\/10-DSCF1544-adb.jpg\"><img loading=\"lazy\" decoding=\"async\" class=\"aligncenter size-large wp-image-2643\" src=\"http:\/\/www.berliner-seiten.de\/ganz-nah\/files\/2011\/12\/10-DSCF1544-adb-1024x682.jpg\" alt=\"\" width=\"640\" height=\"426\" srcset=\"http:\/\/www.berliner-seiten.de\/ganz-nah\/files\/2011\/12\/10-DSCF1544-adb-1024x682.jpg 1024w, http:\/\/www.berliner-seiten.de\/ganz-nah\/files\/2011\/12\/10-DSCF1544-adb-300x200.jpg 300w\" sizes=\"auto, (max-width: 640px) 100vw, 640px\" \/><\/a>Nicht weit entfernt von den weidenden Rindern und Pferden spezieller Z\u00fcchtungen haben sich seit Wochen auf \u00fcberschwemmten Wiesen Schw\u00e4ne niedergelassen. Wie schaut es bei ihnen am heutigen kalendarischen Winteranfang aus? Zun\u00e4chst das Erfreuliche: Das Dutzend Schw\u00e4ne bev\u00f6lkert noch immer die Wasserfl\u00e4che, weit verstreut, inmitten aber weiterhin die deutlich erkennbare Gro\u00dffamilie von zwei erwachsenen Tieren mit sieben Jungtieren. Dann aber das \u00dcberraschende: Etwas abseits liegt ein toter Jungschwan. Nichts deutet auf die Todesursache hin. Einmal mehr scheint die Natur ein &#8222;Opfer&#8220; gefordert zu haben. Mein fiktiver Reisebegleiter Walther von der Vogelweide h\u00e4tte sich da in seinem &#8222;Winter&#8220;-Lied best\u00e4tigt gesehen:<\/h3>\n<h3 style=\"text-align: center\">\u00a0 <em>Uns hat der Winter \u00fcberall Schaden zugef\u00fcgt &#8230;<\/em><\/h3>\n<h3 style=\"text-align: left\">Warten wir aber erst mal ab, wie es weiter geht und ob es ganz so schlimm wird!<\/h3>\n<p style=\"text-align: center\"><a href=\"http:\/\/www.berliner-seiten.de\/ganz-nah\/files\/2011\/12\/11-DSCF1559-adb.jpg\"><img loading=\"lazy\" decoding=\"async\" class=\"aligncenter size-large wp-image-2644\" src=\"http:\/\/www.berliner-seiten.de\/ganz-nah\/files\/2011\/12\/11-DSCF1559-adb-1024x458.jpg\" alt=\"\" width=\"640\" height=\"286\" srcset=\"http:\/\/www.berliner-seiten.de\/ganz-nah\/files\/2011\/12\/11-DSCF1559-adb-1024x458.jpg 1024w, http:\/\/www.berliner-seiten.de\/ganz-nah\/files\/2011\/12\/11-DSCF1559-adb-300x134.jpg 300w\" sizes=\"auto, (max-width: 640px) 100vw, 640px\" \/><\/a><a href=\"http:\/\/www.berliner-seiten.de\/ganz-nah\/files\/2011\/12\/12-DSCF1564-adb.jpg\"><img loading=\"lazy\" decoding=\"async\" class=\"aligncenter size-large wp-image-2645\" src=\"http:\/\/www.berliner-seiten.de\/ganz-nah\/files\/2011\/12\/12-DSCF1564-adb-1024x423.jpg\" alt=\"\" width=\"640\" height=\"264\" srcset=\"http:\/\/www.berliner-seiten.de\/ganz-nah\/files\/2011\/12\/12-DSCF1564-adb-1024x423.jpg 1024w, http:\/\/www.berliner-seiten.de\/ganz-nah\/files\/2011\/12\/12-DSCF1564-adb-300x124.jpg 300w\" sizes=\"auto, (max-width: 640px) 100vw, 640px\" \/><\/a><a href=\"http:\/\/www.berliner-seiten.de\/ganz-nah\/files\/2011\/12\/13-DSCF1615-adb.jpg\"><img loading=\"lazy\" decoding=\"async\" class=\"aligncenter size-large wp-image-2646\" src=\"http:\/\/www.berliner-seiten.de\/ganz-nah\/files\/2011\/12\/13-DSCF1615-adb-1024x395.jpg\" alt=\"\" width=\"640\" height=\"246\" srcset=\"http:\/\/www.berliner-seiten.de\/ganz-nah\/files\/2011\/12\/13-DSCF1615-adb-1024x395.jpg 1024w, http:\/\/www.berliner-seiten.de\/ganz-nah\/files\/2011\/12\/13-DSCF1615-adb-300x115.jpg 300w\" sizes=\"auto, (max-width: 640px) 100vw, 640px\" \/><\/a><a href=\"http:\/\/www.berliner-seiten.de\/ganz-nah\/files\/2011\/12\/14-DSCF1604-adb.jpg\"><img loading=\"lazy\" decoding=\"async\" class=\"aligncenter size-large wp-image-2647\" src=\"http:\/\/www.berliner-seiten.de\/ganz-nah\/files\/2011\/12\/14-DSCF1604-adb-1024x556.jpg\" alt=\"\" width=\"640\" height=\"347\" srcset=\"http:\/\/www.berliner-seiten.de\/ganz-nah\/files\/2011\/12\/14-DSCF1604-adb-1024x556.jpg 1024w, http:\/\/www.berliner-seiten.de\/ganz-nah\/files\/2011\/12\/14-DSCF1604-adb-300x163.jpg 300w\" sizes=\"auto, (max-width: 640px) 100vw, 640px\" \/><\/a><a href=\"http:\/\/www.berliner-seiten.de\/ganz-nah\/files\/2011\/12\/15-DSCF1622-adb.jpg\"><img loading=\"lazy\" decoding=\"async\" class=\"aligncenter size-medium wp-image-2648\" src=\"http:\/\/www.berliner-seiten.de\/ganz-nah\/files\/2011\/12\/15-DSCF1622-adb-300x200.jpg\" alt=\"\" width=\"300\" height=\"200\" srcset=\"http:\/\/www.berliner-seiten.de\/ganz-nah\/files\/2011\/12\/15-DSCF1622-adb-300x200.jpg 300w, http:\/\/www.berliner-seiten.de\/ganz-nah\/files\/2011\/12\/15-DSCF1622-adb-1024x682.jpg 1024w\" sizes=\"auto, (max-width: 300px) 100vw, 300px\" \/><\/a><\/p>\n","protected":false},"excerpt":{"rendered":"<p>Das war also heute laut Kalender der Winteranfang. Aber vom wirklichen Winter war weit und breit noch nichts zu sehen! Grau und Gr\u00fcn ringsumher. Vor rund 800 Jahren erschauderte der gro\u00dfe Minnes\u00e4nger Walther von der Vogelweide allein beim Gedanken an &hellip; <a href=\"http:\/\/www.berliner-seiten.de\/ganz-nah\/winteranfang-nur-wo-bleibt-der-winter\/\">Weiterlesen <span class=\"meta-nav\">&rarr;<\/span><\/a><\/p>\n","protected":false},"author":6,"featured_media":0,"comment_status":"open","ping_status":"open","sticky":false,"template":"","format":"standard","meta":{"footnotes":""},"categories":[1],"tags":[],"class_list":["post-2633","post","type-post","status-publish","format-standard","hentry","category-allgemein"],"_links":{"self":[{"href":"http:\/\/www.berliner-seiten.de\/ganz-nah\/wp-json\/wp\/v2\/posts\/2633","targetHints":{"allow":["GET"]}}],"collection":[{"href":"http:\/\/www.berliner-seiten.de\/ganz-nah\/wp-json\/wp\/v2\/posts"}],"about":[{"href":"http:\/\/www.berliner-seiten.de\/ganz-nah\/wp-json\/wp\/v2\/types\/post"}],"author":[{"embeddable":true,"href":"http:\/\/www.berliner-seiten.de\/ganz-nah\/wp-json\/wp\/v2\/users\/6"}],"replies":[{"embeddable":true,"href":"http:\/\/www.berliner-seiten.de\/ganz-nah\/wp-json\/wp\/v2\/comments?post=2633"}],"version-history":[{"count":7,"href":"http:\/\/www.berliner-seiten.de\/ganz-nah\/wp-json\/wp\/v2\/posts\/2633\/revisions"}],"predecessor-version":[{"id":2650,"href":"http:\/\/www.berliner-seiten.de\/ganz-nah\/wp-json\/wp\/v2\/posts\/2633\/revisions\/2650"}],"wp:attachment":[{"href":"http:\/\/www.berliner-seiten.de\/ganz-nah\/wp-json\/wp\/v2\/media?parent=2633"}],"wp:term":[{"taxonomy":"category","embeddable":true,"href":"http:\/\/www.berliner-seiten.de\/ganz-nah\/wp-json\/wp\/v2\/categories?post=2633"},{"taxonomy":"post_tag","embeddable":true,"href":"http:\/\/www.berliner-seiten.de\/ganz-nah\/wp-json\/wp\/v2\/tags?post=2633"}],"curies":[{"name":"wp","href":"https:\/\/api.w.org\/{rel}","templated":true}]}}