{"id":3892,"date":"2012-06-03T19:42:02","date_gmt":"2012-06-03T17:42:02","guid":{"rendered":"http:\/\/www.berliner-seiten.de\/ganz-nah\/?p=3892"},"modified":"2012-06-05T00:03:07","modified_gmt":"2012-06-04T22:03:07","slug":"schwanenkuken-sind-zwei-wochen-alt","status":"publish","type":"post","link":"http:\/\/www.berliner-seiten.de\/ganz-nah\/schwanenkuken-sind-zwei-wochen-alt\/","title":{"rendered":"Schwanenk\u00fcken sind zwei Wochen alt"},"content":{"rendered":"<h3>Mit dem Regen kam empfindliche K\u00fchle &#8211; und das im \u00dcbergang zum ersten Sommermonat. Aber immerhin gibt es heute trotz des verregneten Sonntags ein sch\u00f6nes Datum zur Erinnerung:<\/h3>\n<h3><a href=\"http:\/\/www.berliner-seiten.de\/ganz-nah\/files\/2012\/06\/A-Karte1.jpg\"><img loading=\"lazy\" decoding=\"async\" class=\"aligncenter size-full wp-image-3893\" src=\"http:\/\/www.berliner-seiten.de\/ganz-nah\/files\/2012\/06\/A-Karte1.jpg\" alt=\"\" width=\"1200\" height=\"963\" srcset=\"http:\/\/www.berliner-seiten.de\/ganz-nah\/files\/2012\/06\/A-Karte1.jpg 1200w, http:\/\/www.berliner-seiten.de\/ganz-nah\/files\/2012\/06\/A-Karte1-300x240.jpg 300w\" sizes=\"auto, (max-width: 1200px) 100vw, 1200px\" \/><\/a><a href=\"http:\/\/www.berliner-seiten.de\/ganz-nah\/files\/2012\/06\/A-Karte2.jpg\"><img loading=\"lazy\" decoding=\"async\" class=\"aligncenter size-large wp-image-3894\" src=\"http:\/\/www.berliner-seiten.de\/ganz-nah\/files\/2012\/06\/A-Karte2-1365x2048.jpg\" alt=\"\" width=\"640\" height=\"960\" srcset=\"http:\/\/www.berliner-seiten.de\/ganz-nah\/files\/2012\/06\/A-Karte2-1365x2048.jpg 1365w, http:\/\/www.berliner-seiten.de\/ganz-nah\/files\/2012\/06\/A-Karte2-200x300.jpg 200w, http:\/\/www.berliner-seiten.de\/ganz-nah\/files\/2012\/06\/A-Karte2.jpg 1536w\" sizes=\"auto, (max-width: 640px) 100vw, 640px\" \/><\/a><a href=\"http:\/\/www.berliner-seiten.de\/ganz-nah\/files\/2012\/06\/A-Karte3.jpg\"><img loading=\"lazy\" decoding=\"async\" class=\"aligncenter size-full wp-image-3895\" src=\"http:\/\/www.berliner-seiten.de\/ganz-nah\/files\/2012\/06\/A-Karte3.jpg\" alt=\"\" width=\"1845\" height=\"1230\" srcset=\"http:\/\/www.berliner-seiten.de\/ganz-nah\/files\/2012\/06\/A-Karte3.jpg 1845w, http:\/\/www.berliner-seiten.de\/ganz-nah\/files\/2012\/06\/A-Karte3-300x200.jpg 300w\" sizes=\"auto, (max-width: 1845px) 100vw, 1845px\" \/><\/a>Nun sind unsere kleinen K\u00fcken also schon zwei Wochen alt. Ich fand sie heute Vormittag wie \u00fcblich sehr aktiv und neugierig &#8211; und nat\u00fcrlich auch hungrig. Dabei nutzten sie &#8211; trotz leider erneuter \u00fcppiger Brotf\u00fctterung durch einige Seespazierg\u00e4nger &#8211; das reichhaltige gr\u00fcne Angebot der Natur &#8211; das Richtige zum &#8222;kleinen Kindergeburtstag&#8220;. \u00dcbrigens lie\u00df der Zufall auf dem folgenden Foto zwei K\u00fcken optisch zu einem &#8222;verschmelzen&#8220; &#8211; mit merkw\u00fcrdig verdrehten F\u00fc\u00dfen&#8230;<\/h3>\n<p><a href=\"http:\/\/www.berliner-seiten.de\/ganz-nah\/files\/2012\/06\/DSC_1217-adb.jpg\"><img loading=\"lazy\" decoding=\"async\" class=\"aligncenter size-large wp-image-3896\" src=\"http:\/\/www.berliner-seiten.de\/ganz-nah\/files\/2012\/06\/DSC_1217-adb-2048x1120.jpg\" alt=\"\" width=\"640\" height=\"350\" srcset=\"http:\/\/www.berliner-seiten.de\/ganz-nah\/files\/2012\/06\/DSC_1217-adb-2048x1120.jpg 2048w, http:\/\/www.berliner-seiten.de\/ganz-nah\/files\/2012\/06\/DSC_1217-adb-300x164.jpg 300w\" sizes=\"auto, (max-width: 640px) 100vw, 640px\" \/><\/a><a href=\"http:\/\/www.berliner-seiten.de\/ganz-nah\/files\/2012\/06\/DSC_1282-adb.jpg\"><img loading=\"lazy\" decoding=\"async\" class=\"alignnone size-medium wp-image-3897\" src=\"http:\/\/www.berliner-seiten.de\/ganz-nah\/files\/2012\/06\/DSC_1282-adb-200x300.jpg\" alt=\"\" width=\"200\" height=\"300\" srcset=\"http:\/\/www.berliner-seiten.de\/ganz-nah\/files\/2012\/06\/DSC_1282-adb-200x300.jpg 200w, http:\/\/www.berliner-seiten.de\/ganz-nah\/files\/2012\/06\/DSC_1282-adb-1365x2048.jpg 1365w, http:\/\/www.berliner-seiten.de\/ganz-nah\/files\/2012\/06\/DSC_1282-adb.jpg 1518w\" sizes=\"auto, (max-width: 200px) 100vw, 200px\" \/><\/a><a href=\"http:\/\/www.berliner-seiten.de\/ganz-nah\/files\/2012\/06\/DSC_1225-adb.jpg\"><img loading=\"lazy\" decoding=\"async\" class=\"alignright size-medium wp-image-3898\" src=\"http:\/\/www.berliner-seiten.de\/ganz-nah\/files\/2012\/06\/DSC_1225-adb-300x300.jpg\" alt=\"\" width=\"300\" height=\"300\" srcset=\"http:\/\/www.berliner-seiten.de\/ganz-nah\/files\/2012\/06\/DSC_1225-adb-300x300.jpg 300w, http:\/\/www.berliner-seiten.de\/ganz-nah\/files\/2012\/06\/DSC_1225-adb-150x150.jpg 150w, http:\/\/www.berliner-seiten.de\/ganz-nah\/files\/2012\/06\/DSC_1225-adb-2048x2048.jpg 2048w\" sizes=\"auto, (max-width: 300px) 100vw, 300px\" \/><\/a><\/p>\n<p><a href=\"http:\/\/www.berliner-seiten.de\/ganz-nah\/files\/2012\/06\/DSC_1250-adb.jpg\"><img loading=\"lazy\" decoding=\"async\" class=\"alignnone size-medium wp-image-3901\" src=\"http:\/\/www.berliner-seiten.de\/ganz-nah\/files\/2012\/06\/DSC_1250-adb-300x179.jpg\" alt=\"\" width=\"300\" height=\"179\" srcset=\"http:\/\/www.berliner-seiten.de\/ganz-nah\/files\/2012\/06\/DSC_1250-adb-300x179.jpg 300w, http:\/\/www.berliner-seiten.de\/ganz-nah\/files\/2012\/06\/DSC_1250-adb-2048x1225.jpg 2048w\" sizes=\"auto, (max-width: 300px) 100vw, 300px\" \/><\/a><a href=\"http:\/\/www.berliner-seiten.de\/ganz-nah\/files\/2012\/06\/DSC_1267-adb.jpg\"><img loading=\"lazy\" decoding=\"async\" class=\"alignright size-medium wp-image-3902\" src=\"http:\/\/www.berliner-seiten.de\/ganz-nah\/files\/2012\/06\/DSC_1267-adb-300x164.jpg\" alt=\"\" width=\"300\" height=\"164\" srcset=\"http:\/\/www.berliner-seiten.de\/ganz-nah\/files\/2012\/06\/DSC_1267-adb-300x164.jpg 300w, http:\/\/www.berliner-seiten.de\/ganz-nah\/files\/2012\/06\/DSC_1267-adb-2048x1124.jpg 2048w\" sizes=\"auto, (max-width: 300px) 100vw, 300px\" \/><\/a><\/p>\n<p><a href=\"http:\/\/www.berliner-seiten.de\/ganz-nah\/files\/2012\/06\/DSC_1258-adb.jpg\"><img loading=\"lazy\" decoding=\"async\" class=\"aligncenter size-medium wp-image-3899\" src=\"http:\/\/www.berliner-seiten.de\/ganz-nah\/files\/2012\/06\/DSC_1258-adb-300x200.jpg\" alt=\"\" width=\"300\" height=\"200\" srcset=\"http:\/\/www.berliner-seiten.de\/ganz-nah\/files\/2012\/06\/DSC_1258-adb-300x200.jpg 300w, http:\/\/www.berliner-seiten.de\/ganz-nah\/files\/2012\/06\/DSC_1258-adb-2048x1365.jpg 2048w\" sizes=\"auto, (max-width: 300px) 100vw, 300px\" \/><\/a><a href=\"http:\/\/www.berliner-seiten.de\/ganz-nah\/files\/2012\/06\/DSC_1303-adb.jpg\"><img loading=\"lazy\" decoding=\"async\" class=\"aligncenter size-large wp-image-3900\" src=\"http:\/\/www.berliner-seiten.de\/ganz-nah\/files\/2012\/06\/DSC_1303-adb-2048x1365.jpg\" alt=\"\" width=\"640\" height=\"426\" srcset=\"http:\/\/www.berliner-seiten.de\/ganz-nah\/files\/2012\/06\/DSC_1303-adb-2048x1365.jpg 2048w, http:\/\/www.berliner-seiten.de\/ganz-nah\/files\/2012\/06\/DSC_1303-adb-300x200.jpg 300w\" sizes=\"auto, (max-width: 640px) 100vw, 640px\" \/><\/a><\/p>\n","protected":false},"excerpt":{"rendered":"<p>Mit dem Regen kam empfindliche K\u00fchle &#8211; und das im \u00dcbergang zum ersten Sommermonat. Aber immerhin gibt es heute trotz des verregneten Sonntags ein sch\u00f6nes Datum zur Erinnerung: Nun sind unsere kleinen K\u00fcken also schon zwei Wochen alt. Ich fand &hellip; <a href=\"http:\/\/www.berliner-seiten.de\/ganz-nah\/schwanenkuken-sind-zwei-wochen-alt\/\">Weiterlesen <span class=\"meta-nav\">&rarr;<\/span><\/a><\/p>\n","protected":false},"author":6,"featured_media":0,"comment_status":"open","ping_status":"open","sticky":false,"template":"","format":"standard","meta":{"footnotes":""},"categories":[1],"tags":[],"class_list":["post-3892","post","type-post","status-publish","format-standard","hentry","category-allgemein"],"_links":{"self":[{"href":"http:\/\/www.berliner-seiten.de\/ganz-nah\/wp-json\/wp\/v2\/posts\/3892","targetHints":{"allow":["GET"]}}],"collection":[{"href":"http:\/\/www.berliner-seiten.de\/ganz-nah\/wp-json\/wp\/v2\/posts"}],"about":[{"href":"http:\/\/www.berliner-seiten.de\/ganz-nah\/wp-json\/wp\/v2\/types\/post"}],"author":[{"embeddable":true,"href":"http:\/\/www.berliner-seiten.de\/ganz-nah\/wp-json\/wp\/v2\/users\/6"}],"replies":[{"embeddable":true,"href":"http:\/\/www.berliner-seiten.de\/ganz-nah\/wp-json\/wp\/v2\/comments?post=3892"}],"version-history":[{"count":3,"href":"http:\/\/www.berliner-seiten.de\/ganz-nah\/wp-json\/wp\/v2\/posts\/3892\/revisions"}],"predecessor-version":[{"id":3904,"href":"http:\/\/www.berliner-seiten.de\/ganz-nah\/wp-json\/wp\/v2\/posts\/3892\/revisions\/3904"}],"wp:attachment":[{"href":"http:\/\/www.berliner-seiten.de\/ganz-nah\/wp-json\/wp\/v2\/media?parent=3892"}],"wp:term":[{"taxonomy":"category","embeddable":true,"href":"http:\/\/www.berliner-seiten.de\/ganz-nah\/wp-json\/wp\/v2\/categories?post=3892"},{"taxonomy":"post_tag","embeddable":true,"href":"http:\/\/www.berliner-seiten.de\/ganz-nah\/wp-json\/wp\/v2\/tags?post=3892"}],"curies":[{"name":"wp","href":"https:\/\/api.w.org\/{rel}","templated":true}]}}