{"id":6773,"date":"2014-01-12T19:39:31","date_gmt":"2014-01-12T18:39:31","guid":{"rendered":"http:\/\/www.berliner-seiten.de\/ganz-nah\/?p=6773"},"modified":"2014-01-13T17:44:26","modified_gmt":"2014-01-13T16:44:26","slug":"winterlinge-mahnen-den-winter","status":"publish","type":"post","link":"http:\/\/www.berliner-seiten.de\/ganz-nah\/winterlinge-mahnen-den-winter\/","title":{"rendered":"Winterlinge mahnen den Winter"},"content":{"rendered":"<p><a href=\"http:\/\/www.berliner-seiten.de\/ganz-nah\/files\/2014\/01\/0-Karte0.jpg\"><img loading=\"lazy\" decoding=\"async\" class=\"aligncenter size-full wp-image-6788\" alt=\"0-Karte0\" src=\"http:\/\/www.berliner-seiten.de\/ganz-nah\/files\/2014\/01\/0-Karte0.jpg\" width=\"1100\" height=\"848\" srcset=\"http:\/\/www.berliner-seiten.de\/ganz-nah\/files\/2014\/01\/0-Karte0.jpg 1100w, http:\/\/www.berliner-seiten.de\/ganz-nah\/files\/2014\/01\/0-Karte0-300x231.jpg 300w, http:\/\/www.berliner-seiten.de\/ganz-nah\/files\/2014\/01\/0-Karte0-900x693.jpg 900w\" sizes=\"auto, (max-width: 1100px) 100vw, 1100px\" \/><\/a>Das ist bisher kein Winter, wie er im Buche steht. Seit Nikolaus, als uns Sturmtief &#8222;Xaver&#8220; kurzzeitig etwas Schnee brachte und den bisher milden Temperaturen im Januar merken wir kaum etwas vom Winter. Selbst die Meteorologen sind ratlos und wagen kaum Voraussagen, wann Schnee und Eis kommen und wie lange das anhalten werde.<\/p>\n<p>Und passend dazu nun heute bei einem Sonntagsspaziergang diese Entdeckung: Die Winterlinge sind sogar schon da! Sie gelten als erste Boten des Vorfr\u00fchlings, noch vor den Schneegl\u00f6ckchen und Krokussen. Im <a href=\"http:\/\/www.berliner-seiten.de\/ganz-nah\/files\/2013\/03\/1-Karte.jpg\">Vorjahr<\/a> machte ich Fotos von (allerdings voll aufgebl\u00fchten) Winterlingen erst Anfang M\u00e4rz. Und nun, schon sieben Wochen fr\u00fcher, ihre un\u00fcbersehbare Mahnung an den Winter: Zeig dich endlich &#8211; wir sind schon da!<\/p>\n<p><a href=\"http:\/\/www.berliner-seiten.de\/ganz-nah\/files\/2014\/01\/1-DSCF7342-adb1.jpg\"><img loading=\"lazy\" decoding=\"async\" class=\"aligncenter size-full wp-image-6789\" alt=\"1-DSCF7342-adb\" src=\"http:\/\/www.berliner-seiten.de\/ganz-nah\/files\/2014\/01\/1-DSCF7342-adb1.jpg\" width=\"1200\" height=\"797\" srcset=\"http:\/\/www.berliner-seiten.de\/ganz-nah\/files\/2014\/01\/1-DSCF7342-adb1.jpg 1200w, http:\/\/www.berliner-seiten.de\/ganz-nah\/files\/2014\/01\/1-DSCF7342-adb1-300x199.jpg 300w, http:\/\/www.berliner-seiten.de\/ganz-nah\/files\/2014\/01\/1-DSCF7342-adb1-900x597.jpg 900w\" sizes=\"auto, (max-width: 1200px) 100vw, 1200px\" \/><\/a><\/p>\n<p><a href=\"http:\/\/www.berliner-seiten.de\/ganz-nah\/files\/2014\/01\/3-DSCF7357-adb.jpg\"><img loading=\"lazy\" decoding=\"async\" class=\"aligncenter size-full wp-image-6775\" alt=\"3-DSCF7357-adb\" src=\"http:\/\/www.berliner-seiten.de\/ganz-nah\/files\/2014\/01\/3-DSCF7357-adb.jpg\" width=\"1898\" height=\"1100\" srcset=\"http:\/\/www.berliner-seiten.de\/ganz-nah\/files\/2014\/01\/3-DSCF7357-adb.jpg 1898w, http:\/\/www.berliner-seiten.de\/ganz-nah\/files\/2014\/01\/3-DSCF7357-adb-300x173.jpg 300w, http:\/\/www.berliner-seiten.de\/ganz-nah\/files\/2014\/01\/3-DSCF7357-adb-900x521.jpg 900w\" sizes=\"auto, (max-width: 1898px) 100vw, 1898px\" \/><\/a>Dabei sind die frostharten Winterlinge (botanischer Name <em>Eranthis hiemalis<\/em>) mit ihren auffallend goldgelben Bl\u00fcten (daher auch <em>Gelbe Wintersterne<\/em> genannt) bei uns nicht allzu h\u00e4ufig anzutreffen. Ihr urspr\u00fcnglicher Lebensraum, so die einschl\u00e4gigen Quellen, sei die Mittelmeerregion; nach Deutschland kamen sie Ende des 16. Jahrhunderts aus Italien, wurden zuerst in G\u00e4rten gehalten und sind sp\u00e4ter in Landschaftsparks ausgewildert. Hier kann man sie nun, wenn man etwas Gl\u00fcck hat, auch in Berlin antreffen. Sie sind kaum zu \u00fcbersehen &#8211; und nat\u00fcrlich ein attraktives Fotoobjekt: mit ihren etwa zwei bis drei Zentimeter gro\u00dfen gelben Bl\u00fcten (bei voller Entfaltung), umschlossen von sechs Bl\u00fctenh\u00fcllbl\u00e4ttern, die gut positioniert jeweils am Ende eines dicken St\u00e4ngels sitzen und gleich darunter ein Kranz gro\u00dfer, tief eingeschnittener gr\u00fcner St\u00e4ngelbl\u00e4tter; am Ende schlie\u00dflich steckt in der Erde eine (giftige!) Knolle. Aber die Winterlinge sind nicht nur ein attraktives Fotoobjekt, sondern vor allem ein begehrtes Anflugsobjekt der Bienen, die irgendwann ihre ersten Nachwinter-Ausfl\u00fcge starten werden&#8230;<\/p>\n<p><a href=\"http:\/\/www.berliner-seiten.de\/ganz-nah\/files\/2014\/01\/6-DSCF7433-adb.jpg\"><img loading=\"lazy\" decoding=\"async\" class=\"aligncenter size-full wp-image-6777\" alt=\"6-DSCF7433-adb\" src=\"http:\/\/www.berliner-seiten.de\/ganz-nah\/files\/2014\/01\/6-DSCF7433-adb.jpg\" width=\"1866\" height=\"1145\" srcset=\"http:\/\/www.berliner-seiten.de\/ganz-nah\/files\/2014\/01\/6-DSCF7433-adb.jpg 1866w, http:\/\/www.berliner-seiten.de\/ganz-nah\/files\/2014\/01\/6-DSCF7433-adb-300x184.jpg 300w, http:\/\/www.berliner-seiten.de\/ganz-nah\/files\/2014\/01\/6-DSCF7433-adb-900x552.jpg 900w\" sizes=\"auto, (max-width: 1866px) 100vw, 1866px\" \/><\/a><a href=\"http:\/\/www.berliner-seiten.de\/ganz-nah\/files\/2014\/01\/4-DSCF73131.jpg\"><img loading=\"lazy\" decoding=\"async\" class=\"aligncenter size-full wp-image-6790\" alt=\"4-DSCF7313\" src=\"http:\/\/www.berliner-seiten.de\/ganz-nah\/files\/2014\/01\/4-DSCF73131.jpg\" width=\"1200\" height=\"797\" srcset=\"http:\/\/www.berliner-seiten.de\/ganz-nah\/files\/2014\/01\/4-DSCF73131.jpg 1200w, http:\/\/www.berliner-seiten.de\/ganz-nah\/files\/2014\/01\/4-DSCF73131-300x199.jpg 300w, http:\/\/www.berliner-seiten.de\/ganz-nah\/files\/2014\/01\/4-DSCF73131-900x597.jpg 900w\" sizes=\"auto, (max-width: 1200px) 100vw, 1200px\" \/><\/a> <a href=\"http:\/\/www.berliner-seiten.de\/ganz-nah\/files\/2014\/01\/7a-DSCF7321-adb.jpg\"><img loading=\"lazy\" decoding=\"async\" class=\"aligncenter size-full wp-image-6784\" alt=\"7a-DSCF7321-adb\" src=\"http:\/\/www.berliner-seiten.de\/ganz-nah\/files\/2014\/01\/7a-DSCF7321-adb.jpg\" width=\"1859\" height=\"1239\" srcset=\"http:\/\/www.berliner-seiten.de\/ganz-nah\/files\/2014\/01\/7a-DSCF7321-adb.jpg 1859w, http:\/\/www.berliner-seiten.de\/ganz-nah\/files\/2014\/01\/7a-DSCF7321-adb-300x199.jpg 300w, http:\/\/www.berliner-seiten.de\/ganz-nah\/files\/2014\/01\/7a-DSCF7321-adb-900x599.jpg 900w\" sizes=\"auto, (max-width: 1859px) 100vw, 1859px\" \/><\/a><a href=\"http:\/\/www.berliner-seiten.de\/ganz-nah\/files\/2014\/01\/5-Karte2.jpg\"><img loading=\"lazy\" decoding=\"async\" class=\"aligncenter size-full wp-image-6779\" alt=\"5-Karte2\" src=\"http:\/\/www.berliner-seiten.de\/ganz-nah\/files\/2014\/01\/5-Karte2.jpg\" width=\"1200\" height=\"797\" srcset=\"http:\/\/www.berliner-seiten.de\/ganz-nah\/files\/2014\/01\/5-Karte2.jpg 1200w, http:\/\/www.berliner-seiten.de\/ganz-nah\/files\/2014\/01\/5-Karte2-300x199.jpg 300w, http:\/\/www.berliner-seiten.de\/ganz-nah\/files\/2014\/01\/5-Karte2-900x597.jpg 900w\" sizes=\"auto, (max-width: 1200px) 100vw, 1200px\" \/><\/a><a href=\"http:\/\/www.berliner-seiten.de\/ganz-nah\/files\/2014\/01\/8-Karte3.jpg\"><img loading=\"lazy\" decoding=\"async\" class=\"aligncenter size-full wp-image-6780\" alt=\"8-Karte3\" src=\"http:\/\/www.berliner-seiten.de\/ganz-nah\/files\/2014\/01\/8-Karte3.jpg\" width=\"1366\" height=\"1362\" srcset=\"http:\/\/www.berliner-seiten.de\/ganz-nah\/files\/2014\/01\/8-Karte3.jpg 1366w, http:\/\/www.berliner-seiten.de\/ganz-nah\/files\/2014\/01\/8-Karte3-150x150.jpg 150w, http:\/\/www.berliner-seiten.de\/ganz-nah\/files\/2014\/01\/8-Karte3-300x300.jpg 300w, http:\/\/www.berliner-seiten.de\/ganz-nah\/files\/2014\/01\/8-Karte3-144x144.jpg 144w, http:\/\/www.berliner-seiten.de\/ganz-nah\/files\/2014\/01\/8-Karte3-900x897.jpg 900w\" sizes=\"auto, (max-width: 1366px) 100vw, 1366px\" \/><\/a><\/p>\n","protected":false},"excerpt":{"rendered":"<p>Das ist bisher kein Winter, wie er im Buche steht. Seit Nikolaus, als uns Sturmtief &#8222;Xaver&#8220; kurzzeitig etwas Schnee brachte und den bisher milden Temperaturen im Januar merken wir kaum etwas vom Winter. Selbst die Meteorologen sind ratlos und wagen &hellip; <a href=\"http:\/\/www.berliner-seiten.de\/ganz-nah\/winterlinge-mahnen-den-winter\/\">Weiterlesen <span class=\"meta-nav\">&rarr;<\/span><\/a><\/p>\n","protected":false},"author":6,"featured_media":0,"comment_status":"open","ping_status":"open","sticky":false,"template":"","format":"standard","meta":{"footnotes":""},"categories":[1],"tags":[],"class_list":["post-6773","post","type-post","status-publish","format-standard","hentry","category-allgemein"],"_links":{"self":[{"href":"http:\/\/www.berliner-seiten.de\/ganz-nah\/wp-json\/wp\/v2\/posts\/6773","targetHints":{"allow":["GET"]}}],"collection":[{"href":"http:\/\/www.berliner-seiten.de\/ganz-nah\/wp-json\/wp\/v2\/posts"}],"about":[{"href":"http:\/\/www.berliner-seiten.de\/ganz-nah\/wp-json\/wp\/v2\/types\/post"}],"author":[{"embeddable":true,"href":"http:\/\/www.berliner-seiten.de\/ganz-nah\/wp-json\/wp\/v2\/users\/6"}],"replies":[{"embeddable":true,"href":"http:\/\/www.berliner-seiten.de\/ganz-nah\/wp-json\/wp\/v2\/comments?post=6773"}],"version-history":[{"count":4,"href":"http:\/\/www.berliner-seiten.de\/ganz-nah\/wp-json\/wp\/v2\/posts\/6773\/revisions"}],"predecessor-version":[{"id":6791,"href":"http:\/\/www.berliner-seiten.de\/ganz-nah\/wp-json\/wp\/v2\/posts\/6773\/revisions\/6791"}],"wp:attachment":[{"href":"http:\/\/www.berliner-seiten.de\/ganz-nah\/wp-json\/wp\/v2\/media?parent=6773"}],"wp:term":[{"taxonomy":"category","embeddable":true,"href":"http:\/\/www.berliner-seiten.de\/ganz-nah\/wp-json\/wp\/v2\/categories?post=6773"},{"taxonomy":"post_tag","embeddable":true,"href":"http:\/\/www.berliner-seiten.de\/ganz-nah\/wp-json\/wp\/v2\/tags?post=6773"}],"curies":[{"name":"wp","href":"https:\/\/api.w.org\/{rel}","templated":true}]}}