{"id":9204,"date":"2015-09-02T23:47:46","date_gmt":"2015-09-02T21:47:46","guid":{"rendered":"http:\/\/www.berliner-seiten.de\/ganz-nah\/?p=9204"},"modified":"2015-09-02T23:47:46","modified_gmt":"2015-09-02T21:47:46","slug":"praechtiger-sommerabschied","status":"publish","type":"post","link":"http:\/\/www.berliner-seiten.de\/ganz-nah\/praechtiger-sommerabschied\/","title":{"rendered":"Pr\u00e4chtiger Sommerabschied"},"content":{"rendered":"<p><img loading=\"lazy\" decoding=\"async\" class=\"aligncenter size-full wp-image-9205\" src=\"http:\/\/www.berliner-seiten.de\/ganz-nah\/files\/2015\/09\/1-Karte1jpg.jpg\" alt=\"1-Karte1jpg\" width=\"1000\" height=\"722\" srcset=\"http:\/\/www.berliner-seiten.de\/ganz-nah\/files\/2015\/09\/1-Karte1jpg.jpg 1000w, http:\/\/www.berliner-seiten.de\/ganz-nah\/files\/2015\/09\/1-Karte1jpg-300x217.jpg 300w\" sizes=\"auto, (max-width: 1000px) 100vw, 1000px\" \/><\/p>\n<h4>Der meteorologische Herbstanfang ist da &#8211; und kaum jemand hats gemerkt. Was war das f\u00fcr ein Sommer &#8211; und der \u00dcbergang in den Herbst war nur etwas f\u00fcr die Wetterprofis. Die haben inzwischen die ersten (vorl\u00e4ufigen) Daten f\u00fcr den zur\u00fcckliegenden meteorologischen Sommer, der die Monate Juni bis August umfasst, vorgelegt. Danach haben wir den drittw\u00e4rmsten Sommer seit Beginn der Aufzeichnungen erlebt: Die Sommerdurchschnittstemperatur betrug in Deutschland 18,5 Grad C und lag damit 2,2 Grad C \u00fcber dem Mittel der sog. Referenzperiode 1961-1990. Zugleich war es im Durchschnitt Deutschlands zu trocken mit nur 207 Liter Regen pro Quadratmeter (l\/qm) &#8211; das waren nur 86 % des Durchschnitts der Referenzperiode (239 l\/qm). Die Sonne schien deutschlandweit im Durchschnitt 680 Stunden &#8211; bei einem &#8222;Soll&#8220; von 604 Stunden.<\/h4>\n<h4>Und wie war der Sommer in Berlin? Mit durchschnittlich 19,7 Grad C lagen wir 2 Grad \u00fcber dem langj\u00e4hrigen Mittel 1961-1990 und waren damit das w\u00e4rmste Bundesland. Zugleich waren wir die zweittrockenste Region Deutschlands mit einer Niederschlagsmenge von nur 150 l\/qm (&#8222;Soll&#8220; 182) &#8211; hinter dem Saarland (145 l\/qm). Die Sonne schien in Berlin im Sommer 2015 immerhin 725 Stunden (&#8222;Soll&#8220; 664 Stunden); <em>alle Daten nach Deutscher Wetterdienst (DWD)<\/em>. Meine Fotokarte am Anfang zeigt noch einmal Bilder von diesem hei\u00dfen und trockenen Sommer, und zwar aus Dresden, wo ich vor einigen Tagen war und den Niedrigwasserstand der Elbe sah &#8230;<\/h4>\n<p><img loading=\"lazy\" decoding=\"async\" class=\"aligncenter size-full wp-image-9206\" src=\"http:\/\/www.berliner-seiten.de\/ganz-nah\/files\/2015\/09\/2-Karte.jpg\" alt=\"2-Karte\" width=\"1000\" height=\"694\" srcset=\"http:\/\/www.berliner-seiten.de\/ganz-nah\/files\/2015\/09\/2-Karte.jpg 1000w, http:\/\/www.berliner-seiten.de\/ganz-nah\/files\/2015\/09\/2-Karte-300x208.jpg 300w\" sizes=\"auto, (max-width: 1000px) 100vw, 1000px\" \/><\/p>\n<h4>Die vergangenen Tage waren pr\u00e4chtiger Sommerabschied und pr\u00e4chtiger Herbstbeginn zugleich. Meine Fotos von heute zeigen, dass sich bekannte Sommerakteure neben den ersten Herbstboten schaffen und keinen Unterschied der Jahreszeiten sp\u00fcren. An der Spitze noch einmal die Wespenspinne oder Zebraspinne, die am heutigen k\u00fchlen Morgen in der Herbstsonne posierte. Sie konnte nat\u00fcrlich nicht ahnen, dass ihr Auftritt vor meiner Kamera am Abend vom rbb als &#8222;Wetterfoto&#8220; ausgew\u00e4hlt und ausgestrahlt wurde &#8230;<\/h4>\n<p><img loading=\"lazy\" decoding=\"async\" class=\"aligncenter size-full wp-image-9207\" src=\"http:\/\/www.berliner-seiten.de\/ganz-nah\/files\/2015\/09\/3-Karte3.jpg\" alt=\"3-Karte3\" width=\"1100\" height=\"586\" srcset=\"http:\/\/www.berliner-seiten.de\/ganz-nah\/files\/2015\/09\/3-Karte3.jpg 1100w, http:\/\/www.berliner-seiten.de\/ganz-nah\/files\/2015\/09\/3-Karte3-300x160.jpg 300w\" sizes=\"auto, (max-width: 1100px) 100vw, 1100px\" \/><img loading=\"lazy\" decoding=\"async\" class=\"aligncenter size-full wp-image-9208\" src=\"http:\/\/www.berliner-seiten.de\/ganz-nah\/files\/2015\/09\/4-Karte4.jpg\" alt=\"4-Karte4\" width=\"1000\" height=\"667\" srcset=\"http:\/\/www.berliner-seiten.de\/ganz-nah\/files\/2015\/09\/4-Karte4.jpg 1000w, http:\/\/www.berliner-seiten.de\/ganz-nah\/files\/2015\/09\/4-Karte4-300x200.jpg 300w\" sizes=\"auto, (max-width: 1000px) 100vw, 1000px\" \/><img loading=\"lazy\" decoding=\"async\" class=\"aligncenter size-full wp-image-9209\" src=\"http:\/\/www.berliner-seiten.de\/ganz-nah\/files\/2015\/09\/5-Karte3.jpg\" alt=\"5-Karte3\" width=\"1000\" height=\"667\" srcset=\"http:\/\/www.berliner-seiten.de\/ganz-nah\/files\/2015\/09\/5-Karte3.jpg 1000w, http:\/\/www.berliner-seiten.de\/ganz-nah\/files\/2015\/09\/5-Karte3-300x200.jpg 300w\" sizes=\"auto, (max-width: 1000px) 100vw, 1000px\" \/><img loading=\"lazy\" decoding=\"async\" class=\"aligncenter size-full wp-image-9210\" src=\"http:\/\/www.berliner-seiten.de\/ganz-nah\/files\/2015\/09\/6-Karte4.jpg\" alt=\"6-Karte4\" width=\"1100\" height=\"561\" srcset=\"http:\/\/www.berliner-seiten.de\/ganz-nah\/files\/2015\/09\/6-Karte4.jpg 1100w, http:\/\/www.berliner-seiten.de\/ganz-nah\/files\/2015\/09\/6-Karte4-300x153.jpg 300w\" sizes=\"auto, (max-width: 1100px) 100vw, 1100px\" \/><\/p>\n<h4>Zum Sommerabschied geh\u00f6ren auch die ersten Tautropfen an den bodennahen Spinnennetzen, Heupferde und Grash\u00fcpfer, Schnecken, vereinzelte Marienk\u00e4fer und Schmetterlinge &#8211; und nat\u00fcrlich Lampionblumen in allen Farben &#8230;<\/h4>\n<p><img loading=\"lazy\" decoding=\"async\" class=\"aligncenter size-full wp-image-9211\" src=\"http:\/\/www.berliner-seiten.de\/ganz-nah\/files\/2015\/09\/7-P1170944-adb.jpg\" alt=\"7-P1170944-adb\" width=\"1000\" height=\"722\" srcset=\"http:\/\/www.berliner-seiten.de\/ganz-nah\/files\/2015\/09\/7-P1170944-adb.jpg 1000w, http:\/\/www.berliner-seiten.de\/ganz-nah\/files\/2015\/09\/7-P1170944-adb-300x217.jpg 300w\" sizes=\"auto, (max-width: 1000px) 100vw, 1000px\" \/><img loading=\"lazy\" decoding=\"async\" class=\"aligncenter size-full wp-image-9212\" src=\"http:\/\/www.berliner-seiten.de\/ganz-nah\/files\/2015\/09\/8-P1170918-adb.jpg\" alt=\"8-P1170918-adb\" width=\"1000\" height=\"667\" srcset=\"http:\/\/www.berliner-seiten.de\/ganz-nah\/files\/2015\/09\/8-P1170918-adb.jpg 1000w, http:\/\/www.berliner-seiten.de\/ganz-nah\/files\/2015\/09\/8-P1170918-adb-300x200.jpg 300w\" sizes=\"auto, (max-width: 1000px) 100vw, 1000px\" \/><img loading=\"lazy\" decoding=\"async\" class=\"aligncenter size-full wp-image-9213\" src=\"http:\/\/www.berliner-seiten.de\/ganz-nah\/files\/2015\/09\/9-P1180243-adb.jpg\" alt=\"9-P1180243-adb\" width=\"1000\" height=\"667\" srcset=\"http:\/\/www.berliner-seiten.de\/ganz-nah\/files\/2015\/09\/9-P1180243-adb.jpg 1000w, http:\/\/www.berliner-seiten.de\/ganz-nah\/files\/2015\/09\/9-P1180243-adb-300x200.jpg 300w\" sizes=\"auto, (max-width: 1000px) 100vw, 1000px\" \/><img loading=\"lazy\" decoding=\"async\" class=\"aligncenter size-full wp-image-9214\" src=\"http:\/\/www.berliner-seiten.de\/ganz-nah\/files\/2015\/09\/10-P1170936-adb.jpg\" alt=\"10-P1170936-adb\" width=\"1000\" height=\"667\" srcset=\"http:\/\/www.berliner-seiten.de\/ganz-nah\/files\/2015\/09\/10-P1170936-adb.jpg 1000w, http:\/\/www.berliner-seiten.de\/ganz-nah\/files\/2015\/09\/10-P1170936-adb-300x200.jpg 300w\" sizes=\"auto, (max-width: 1000px) 100vw, 1000px\" \/><img loading=\"lazy\" decoding=\"async\" class=\"aligncenter size-full wp-image-9215\" src=\"http:\/\/www.berliner-seiten.de\/ganz-nah\/files\/2015\/09\/11-P1170959-adb.jpg\" alt=\"11-P1170959-adb\" width=\"1100\" height=\"537\" srcset=\"http:\/\/www.berliner-seiten.de\/ganz-nah\/files\/2015\/09\/11-P1170959-adb.jpg 1100w, http:\/\/www.berliner-seiten.de\/ganz-nah\/files\/2015\/09\/11-P1170959-adb-300x146.jpg 300w\" sizes=\"auto, (max-width: 1100px) 100vw, 1100px\" \/><img loading=\"lazy\" decoding=\"async\" class=\"aligncenter size-full wp-image-9216\" src=\"http:\/\/www.berliner-seiten.de\/ganz-nah\/files\/2015\/09\/12-P1170971-adb.jpg\" alt=\"12-P1170971-adb\" width=\"1000\" height=\"667\" srcset=\"http:\/\/www.berliner-seiten.de\/ganz-nah\/files\/2015\/09\/12-P1170971-adb.jpg 1000w, http:\/\/www.berliner-seiten.de\/ganz-nah\/files\/2015\/09\/12-P1170971-adb-300x200.jpg 300w\" sizes=\"auto, (max-width: 1000px) 100vw, 1000px\" \/><img loading=\"lazy\" decoding=\"async\" class=\"aligncenter size-full wp-image-9217\" src=\"http:\/\/www.berliner-seiten.de\/ganz-nah\/files\/2015\/09\/13-Karte5.jpg\" alt=\"13-Karte5\" width=\"900\" height=\"900\" srcset=\"http:\/\/www.berliner-seiten.de\/ganz-nah\/files\/2015\/09\/13-Karte5.jpg 900w, http:\/\/www.berliner-seiten.de\/ganz-nah\/files\/2015\/09\/13-Karte5-150x150.jpg 150w, http:\/\/www.berliner-seiten.de\/ganz-nah\/files\/2015\/09\/13-Karte5-300x300.jpg 300w\" sizes=\"auto, (max-width: 900px) 100vw, 900px\" \/><\/p>\n","protected":false},"excerpt":{"rendered":"<p>Der meteorologische Herbstanfang ist da &#8211; und kaum jemand hats gemerkt. Was war das f\u00fcr ein Sommer &#8211; und der \u00dcbergang in den Herbst war nur etwas f\u00fcr die Wetterprofis. Die haben inzwischen die ersten (vorl\u00e4ufigen) Daten f\u00fcr den zur\u00fcckliegenden &hellip; <a href=\"http:\/\/www.berliner-seiten.de\/ganz-nah\/praechtiger-sommerabschied\/\">Weiterlesen <span class=\"meta-nav\">&rarr;<\/span><\/a><\/p>\n","protected":false},"author":6,"featured_media":0,"comment_status":"open","ping_status":"open","sticky":false,"template":"","format":"standard","meta":{"footnotes":""},"categories":[1],"tags":[],"class_list":["post-9204","post","type-post","status-publish","format-standard","hentry","category-allgemein"],"_links":{"self":[{"href":"http:\/\/www.berliner-seiten.de\/ganz-nah\/wp-json\/wp\/v2\/posts\/9204","targetHints":{"allow":["GET"]}}],"collection":[{"href":"http:\/\/www.berliner-seiten.de\/ganz-nah\/wp-json\/wp\/v2\/posts"}],"about":[{"href":"http:\/\/www.berliner-seiten.de\/ganz-nah\/wp-json\/wp\/v2\/types\/post"}],"author":[{"embeddable":true,"href":"http:\/\/www.berliner-seiten.de\/ganz-nah\/wp-json\/wp\/v2\/users\/6"}],"replies":[{"embeddable":true,"href":"http:\/\/www.berliner-seiten.de\/ganz-nah\/wp-json\/wp\/v2\/comments?post=9204"}],"version-history":[{"count":1,"href":"http:\/\/www.berliner-seiten.de\/ganz-nah\/wp-json\/wp\/v2\/posts\/9204\/revisions"}],"predecessor-version":[{"id":9218,"href":"http:\/\/www.berliner-seiten.de\/ganz-nah\/wp-json\/wp\/v2\/posts\/9204\/revisions\/9218"}],"wp:attachment":[{"href":"http:\/\/www.berliner-seiten.de\/ganz-nah\/wp-json\/wp\/v2\/media?parent=9204"}],"wp:term":[{"taxonomy":"category","embeddable":true,"href":"http:\/\/www.berliner-seiten.de\/ganz-nah\/wp-json\/wp\/v2\/categories?post=9204"},{"taxonomy":"post_tag","embeddable":true,"href":"http:\/\/www.berliner-seiten.de\/ganz-nah\/wp-json\/wp\/v2\/tags?post=9204"}],"curies":[{"name":"wp","href":"https:\/\/api.w.org\/{rel}","templated":true}]}}