{"id":84,"date":"2011-05-29T08:36:16","date_gmt":"2011-05-29T06:36:16","guid":{"rendered":"http:\/\/www.berliner-seiten.de\/staakener-amseln\/?p=84"},"modified":"2011-06-19T20:04:24","modified_gmt":"2011-06-19T18:04:24","slug":"raubvogel","status":"publish","type":"post","link":"http:\/\/www.berliner-seiten.de\/staakener-amseln\/2011\/05\/29\/raubvogel\/","title":{"rendered":"Raubv\u00f6gel?"},"content":{"rendered":"<p>Zu Thoms Frage ob ich Raubv\u00f6gel gesehen habe. Bei uns und ich denke wie \u00fcberall Elstern. Wenn die sich an ein Nest wagen gibt es riesen Spektakel.<br \/>\nVielleicht habe ich noch einmal das Gl\u00fcck.<\/p>\n","protected":false},"excerpt":{"rendered":"<p>Zu Thoms Frage ob ich Raubv\u00f6gel gesehen habe. Bei uns und ich denke wie \u00fcberall Elstern. Wenn die sich an ein Nest wagen gibt es riesen Spektakel. Vielleicht habe ich noch einmal das Gl\u00fcck.<\/p>\n","protected":false},"author":4,"featured_media":0,"comment_status":"open","ping_status":"open","sticky":false,"template":"","format":"standard","meta":{"footnotes":""},"categories":[4],"tags":[],"class_list":["post-84","post","type-post","status-publish","format-standard","hentry","category-brut"],"_links":{"self":[{"href":"http:\/\/www.berliner-seiten.de\/staakener-amseln\/wp-json\/wp\/v2\/posts\/84","targetHints":{"allow":["GET"]}}],"collection":[{"href":"http:\/\/www.berliner-seiten.de\/staakener-amseln\/wp-json\/wp\/v2\/posts"}],"about":[{"href":"http:\/\/www.berliner-seiten.de\/staakener-amseln\/wp-json\/wp\/v2\/types\/post"}],"author":[{"embeddable":true,"href":"http:\/\/www.berliner-seiten.de\/staakener-amseln\/wp-json\/wp\/v2\/users\/4"}],"replies":[{"embeddable":true,"href":"http:\/\/www.berliner-seiten.de\/staakener-amseln\/wp-json\/wp\/v2\/comments?post=84"}],"version-history":[{"count":3,"href":"http:\/\/www.berliner-seiten.de\/staakener-amseln\/wp-json\/wp\/v2\/posts\/84\/revisions"}],"predecessor-version":[{"id":91,"href":"http:\/\/www.berliner-seiten.de\/staakener-amseln\/wp-json\/wp\/v2\/posts\/84\/revisions\/91"}],"wp:attachment":[{"href":"http:\/\/www.berliner-seiten.de\/staakener-amseln\/wp-json\/wp\/v2\/media?parent=84"}],"wp:term":[{"taxonomy":"category","embeddable":true,"href":"http:\/\/www.berliner-seiten.de\/staakener-amseln\/wp-json\/wp\/v2\/categories?post=84"},{"taxonomy":"post_tag","embeddable":true,"href":"http:\/\/www.berliner-seiten.de\/staakener-amseln\/wp-json\/wp\/v2\/tags?post=84"}],"curies":[{"name":"wp","href":"https:\/\/api.w.org\/{rel}","templated":true}]}}